{"id":47275,"date":"2024-03-25T15:35:00","date_gmt":"2024-03-25T18:35:00","guid":{"rendered":"https:\/\/www.radiopresidenteibanez.cl\/web\/?p=47275"},"modified":"2024-03-25T11:59:00","modified_gmt":"2024-03-25T14:59:00","slug":"reinas-de-la-opera-un-espectaculo-de-gala","status":"publish","type":"post","link":"https:\/\/www.radiopresidenteibanez.cl\/web\/reinas-de-la-opera-un-espectaculo-de-gala\/","title":{"rendered":"\u201cReinas de la \u00d3pera\u201d, un espect\u00e1culo de gala"},"content":{"rendered":"\n<p>Admiraci\u00f3n y agradecimientos fueron los conceptos que se repitieron entre el<br>p\u00fablico que asisti\u00f3, el reciente domingo al Teatro Municipal Jos\u00e9 Bohr de Punta<br>Arenas, para presenciar la magistral presentaci\u00f3n de canto l\u00edrico \u201cReinas de la<br>\u00d3pera\u201d.<br>El concierto, a cargo de las artistas chilenas Paulina Gonz\u00e1lez, soprano; Javiera<br>Barrios, mezzosoprano y Josefina P\u00e9rez, pianista del Teatro Municipal de<br>Santiago, lleg\u00f3 a la ciudad de Punta Arenas, gracias a un convenio de esa<br>instituci\u00f3n con el Ministerio de las Culturas, las Artes y el Patrimonio.<br>\u201cMe encant\u00f3, todo y cada una de las interpretaciones. Estas mujeres tienen unas<br>voces maravillosas. Hace tiempo que ten\u00eda ganas de ver esto. As\u00ed es que me voy<br>con el alma feliz, contentita y llenita. Much\u00edsimas gracias por tan hermosas voces<br>que han tra\u00eddo para nosotras\u201d, opin\u00f3 Odette C\u00e1rdenas, una de las asistentes al<br>evento.<br>Mientras que Julio Godoy, quien tambi\u00e9n form\u00f3 parte de la audiencia, valor\u00f3 la<br>funci\u00f3n. \u201cMe pareci\u00f3 precioso. Me encanta que se haga este tipio de<br>espect\u00e1culos. En el fondo nos acercan a algo que no es tan com\u00fan y tan pr\u00f3ximo<br>a poder realizarlo en esta regi\u00f3n. Que lo traigan ac\u00e1, es maravilloso\u201d, coment\u00f3.<br>Dirigido por mujeres y con la vocaci\u00f3n de relevar el aporte permanente de ellas a<br>la cultura en Chile, la puesta en escena estrenada por el&nbsp;Teatro Municipal de<br>Santiago en la capital de la regi\u00f3n de Magallanes, incluy\u00f3 obras como \u201cTosca\u201d,<br>\u201cMadama Butterfly\u201d, \u201cCarmen\u201d, \u201cEl Barbero de Sevilla\u201d, entre otras, para cerrar<br>con \u201cGracias a la Vida\u201d, de la compositora chilena, Violeta Parra.<br>\u201cEstamos muy felices de, primero que nada, estar ac\u00e1. De cantar en este<br>hermoso teatro, distintas obras de diferentes \u00e1reas, en conmemoraci\u00f3n del Mes<\/p>\n\n\n\n<p>de la Mujer. Este es un equipo s\u00f3lo de mujeres que vinimos hasta ac\u00e1. As\u00ed es que<br>estamos muy contentas de compartir la m\u00fasica con ustedes y de comenzar esta<br>gira aqu\u00ed\u201d, resalt\u00f3 la mezzosoprano, Javiera Barrios.<br>La presentaci\u00f3n de la gala \u201cReinas de la \u00d3pera\u201d, fue coordinada en Punta<br>Arenas, por la Seremi de las Culturas, las Artes y el Patrimoino. \u201cEste<br>espect\u00e1culo es parte de las acciones de extension del Teatro Municipal de<br>Santiago, gracias a un acuerdo de colaboraci\u00f3n con nuestro Ministerio. Se trat\u00f3<br>de una gran funci\u00f3n, que celebramos y respaldamos, porque estamos generando<br>audiencias para una disciplina que, por lo general, est\u00e1 en espacios reducidos y<br>porque disfrutamos y reconocemos el talento de tres artistas en el marco de la<br>conmemoraci\u00f3n del Mes de la Mujer\u201d, dijo la Seremi de las Culturas (s), Irma<br>Pati\u00f1o.<\/p>\n","protected":false},"excerpt":{"rendered":"<p>Admiraci\u00f3n y agradecimientos fueron los conceptos que se repitieron entre elp\u00fablico que asisti\u00f3, el reciente domingo al Teatro Municipal Jos\u00e9 Bohr de PuntaArenas, para presenciar la magistral presentaci\u00f3n de canto&#8230; <a class=\"read-more\" href=\"https:\/\/www.radiopresidenteibanez.cl\/web\/reinas-de-la-opera-un-espectaculo-de-gala\/\">Leer m\u00e1s<\/a><\/p>\n","protected":false},"author":2,"featured_media":47276,"comment_status":"closed","ping_status":"closed","sticky":false,"template":"","format":"standard","meta":{"footnotes":""},"categories":[1],"tags":[],"class_list":["post-47275","post","type-post","status-publish","format-standard","has-post-thumbnail","hentry","category-cronica"],"_links":{"self":[{"href":"https:\/\/www.radiopresidenteibanez.cl\/web\/wp-json\/wp\/v2\/posts\/47275","targetHints":{"allow":["GET"]}}],"collection":[{"href":"https:\/\/www.radiopresidenteibanez.cl\/web\/wp-json\/wp\/v2\/posts"}],"about":[{"href":"https:\/\/www.radiopresidenteibanez.cl\/web\/wp-json\/wp\/v2\/types\/post"}],"author":[{"embeddable":true,"href":"https:\/\/www.radiopresidenteibanez.cl\/web\/wp-json\/wp\/v2\/users\/2"}],"replies":[{"embeddable":true,"href":"https:\/\/www.radiopresidenteibanez.cl\/web\/wp-json\/wp\/v2\/comments?post=47275"}],"version-history":[{"count":0,"href":"https:\/\/www.radiopresidenteibanez.cl\/web\/wp-json\/wp\/v2\/posts\/47275\/revisions"}],"wp:featuredmedia":[{"embeddable":true,"href":"https:\/\/www.radiopresidenteibanez.cl\/web\/wp-json\/wp\/v2\/media\/47276"}],"wp:attachment":[{"href":"https:\/\/www.radiopresidenteibanez.cl\/web\/wp-json\/wp\/v2\/media?parent=47275"}],"wp:term":[{"taxonomy":"category","embeddable":true,"href":"https:\/\/www.radiopresidenteibanez.cl\/web\/wp-json\/wp\/v2\/categories?post=47275"},{"taxonomy":"post_tag","embeddable":true,"href":"https:\/\/www.radiopresidenteibanez.cl\/web\/wp-json\/wp\/v2\/tags?post=47275"}],"curies":[{"name":"wp","href":"https:\/\/api.w.org\/{rel}","templated":true}]}}