{"id":47245,"date":"2024-03-24T12:30:30","date_gmt":"2024-03-24T15:30:30","guid":{"rendered":"https:\/\/www.radiopresidenteibanez.cl\/web\/?p=47245"},"modified":"2024-03-24T12:30:30","modified_gmt":"2024-03-24T15:30:30","slug":"vuelo-porque-no-me-arrastro-que-el-arrastrarse-es-la-ruina-anido-en-arbol-de-espino-canta-jorge-cafrune","status":"publish","type":"post","link":"https:\/\/www.radiopresidenteibanez.cl\/web\/vuelo-porque-no-me-arrastro-que-el-arrastrarse-es-la-ruina-anido-en-arbol-de-espino-canta-jorge-cafrune\/","title":{"rendered":"Vuelo porque no me arrastro que el arrastrarse es la ruina anido en \u00e1rbol de espino..\u00bb canta Jorge Cafrune"},"content":{"rendered":"\n<p>Los permisos sindicales est\u00e1n consagrados en la ley y tienen un objetivo concreto.<br>Permitir que los dirigentes puedan cumplir con aquellas tareas que les implican salir de la empresa.<br>Pero como toda ley minimizadora, la chilena junto con facultar una cantidad de horas semanales para esto, libera al mismo tiempo a la patronal del pago de ese tiempo no trabajado, el que debe ser pagado por el sindicato.<br>La legislaci\u00f3n establece que la horas para cumplir estas funciones fuera de la empresa no pueden ser inferiores a seis por cada director, las que se ampl\u00edan a ocho horas por semana si el sindicato tiene m\u00e1s de 250 asociados .<br>Las horas son acumulables por cada director dentro del mes calendario y cada director puede ceder a los otros, parte o todo el tiempo que le corresponda.<br>Los directores sindicales que son dirigentes de una federaci\u00f3n o confederaci\u00f3n dispondr\u00e1n de diez horas semanales acumulables en el mes calendario.<br>El pago de las horas sindicales es, como ya dijimos, de cargo de la organizaci\u00f3n sindical respectiva, y puede hacerse cargo del empleador si se demanda en el proyecto de contrato colectivo.<\/p>\n\n\n\n<p>2.- Lo anterior en ning\u00fan caso anula la gesti\u00f3n del dirigente dentro de la empresa, por lo mismo hay que estar muy atento para impugnar aquellas normas de los Reglamentos internos, que indican que el dirigente no puede desarrollar sus actividades durante su jornada de trabajo .<br>Sobre este punto los abogados han sido muy claros al sostener que los dirigentes si pueden cumplir con su rol mientras trabajan cuidando<br>\u00abno entorpecer el funcionamiento de la empresa injustificadamente, de esta forma no pueden hacer reuniones peri\u00f3dicas en horario laboral, pero s\u00ed un socio tiene una emergencia el dirigente est\u00e1 facultado para colaborar, ejemplo t\u00edpico el trabajador es citado a la oficina para despedirlo y el dirigente lo acompa\u00f1a para asesorar\u00bb.<br>Conociendo derechos, mejoramos la gesti\u00f3n.<\/p>\n","protected":false},"excerpt":{"rendered":"<p>Los permisos sindicales est\u00e1n consagrados en la ley y tienen un objetivo concreto.Permitir que los dirigentes puedan cumplir con aquellas tareas que les implican salir de la empresa.Pero como toda&#8230; <a class=\"read-more\" href=\"https:\/\/www.radiopresidenteibanez.cl\/web\/vuelo-porque-no-me-arrastro-que-el-arrastrarse-es-la-ruina-anido-en-arbol-de-espino-canta-jorge-cafrune\/\">Leer m\u00e1s<\/a><\/p>\n","protected":false},"author":2,"featured_media":47246,"comment_status":"closed","ping_status":"closed","sticky":false,"template":"","format":"standard","meta":{"footnotes":""},"categories":[1],"tags":[],"class_list":["post-47245","post","type-post","status-publish","format-standard","has-post-thumbnail","hentry","category-cronica"],"_links":{"self":[{"href":"https:\/\/www.radiopresidenteibanez.cl\/web\/wp-json\/wp\/v2\/posts\/47245","targetHints":{"allow":["GET"]}}],"collection":[{"href":"https:\/\/www.radiopresidenteibanez.cl\/web\/wp-json\/wp\/v2\/posts"}],"about":[{"href":"https:\/\/www.radiopresidenteibanez.cl\/web\/wp-json\/wp\/v2\/types\/post"}],"author":[{"embeddable":true,"href":"https:\/\/www.radiopresidenteibanez.cl\/web\/wp-json\/wp\/v2\/users\/2"}],"replies":[{"embeddable":true,"href":"https:\/\/www.radiopresidenteibanez.cl\/web\/wp-json\/wp\/v2\/comments?post=47245"}],"version-history":[{"count":0,"href":"https:\/\/www.radiopresidenteibanez.cl\/web\/wp-json\/wp\/v2\/posts\/47245\/revisions"}],"wp:featuredmedia":[{"embeddable":true,"href":"https:\/\/www.radiopresidenteibanez.cl\/web\/wp-json\/wp\/v2\/media\/47246"}],"wp:attachment":[{"href":"https:\/\/www.radiopresidenteibanez.cl\/web\/wp-json\/wp\/v2\/media?parent=47245"}],"wp:term":[{"taxonomy":"category","embeddable":true,"href":"https:\/\/www.radiopresidenteibanez.cl\/web\/wp-json\/wp\/v2\/categories?post=47245"},{"taxonomy":"post_tag","embeddable":true,"href":"https:\/\/www.radiopresidenteibanez.cl\/web\/wp-json\/wp\/v2\/tags?post=47245"}],"curies":[{"name":"wp","href":"https:\/\/api.w.org\/{rel}","templated":true}]}}