{"id":47235,"date":"2024-03-23T09:39:00","date_gmt":"2024-03-23T12:39:00","guid":{"rendered":"https:\/\/www.radiopresidenteibanez.cl\/web\/?p=47235"},"modified":"2024-03-22T21:41:52","modified_gmt":"2024-03-23T00:41:52","slug":"seremi-de-salud-magallanes-realiza-reunion-de-mesa-tecnica-de-marea-roja-en-preparacion-a-semana-santa","status":"publish","type":"post","link":"https:\/\/www.radiopresidenteibanez.cl\/web\/seremi-de-salud-magallanes-realiza-reunion-de-mesa-tecnica-de-marea-roja-en-preparacion-a-semana-santa\/","title":{"rendered":"SEREMI DE SALUD MAGALLANES REALIZA REUNI\u00d3N DE MESA T\u00c9CNICA DE MAREA ROJA EN PREPARACI\u00d3N A SEMANA SANTA"},"content":{"rendered":"\n<p>Como parte de las acciones que realiza la Secretar\u00eda Regional Ministerial de Salud de Magallanes<br>previo a Semana Santa, se realiz\u00f3 una reuni\u00f3n de la Mesa T\u00e9cnica de Marea Roja para informar de la<br>situaci\u00f3n actual de este fen\u00f3meno en la regi\u00f3n y reforzar las coordinaciones intersectoriales en este<br>periodo en que aumenta el consumo de mariscos.<br>La Seremi de Salud Francisca Sanfuentes explic\u00f3 que: \u201cSabemos que la marea roja va variando a lo<br>largo del tiempo, por lo que es importante ir viendo c\u00f3mo se comporta este fen\u00f3meno y as\u00ed tomar las<br>acciones correspondientes. En esta Mesa intersectorial participa el sector salud, las oficinas<br>provinciales de la Seremi, y tambi\u00e9n otras instituciones como Armada de Chile, Carabineros,<br>Delegaciones Provinciales, Sernapesca, IFOP, entre otras. En este contexto, se informa y se coordinan<br>todas las acciones preventivas, de fiscalizaci\u00f3n, de educaci\u00f3n a la comunidad, y tambi\u00e9n se entregan<br>las orientaciones para que, en caso de que haya alguna situaci\u00f3n de alerta, esta sea comunicada y<br>abordada oportunamente en coordinaci\u00f3n entre todos los sectores\u201d.<br>La encargada del programa de Marea Roja de la Seremi, Paulina Solar, indic\u00f3 que siempre hay recordar<br>que previo a extraer mariscos, hay que informarse cu\u00e1les son las \u00e1reas que se encuentran abiertas o<br>autorizadas para la extracci\u00f3n. Agreg\u00f3 que es fundamental adoptar una actitud de autocuidado,<br>comprando s\u00f3lo en locales autorizados, consumiendo mariscos analizados y siempre exigiendo los<br>certificados toxicol\u00f3gicos de los laboratorios de la SEREMI. Adem\u00e1s, explic\u00f3 que, en materia de<br>fiscalizaciones a pescader\u00edas, se desarrolla un programa de inspecciones a lo largo de todo el a\u00f1o, las<br>que se intensifican en Semana Santa para resguardar la salud de la comunidad.<br>El jefe del laboratorio de la Seremi de Salud, Rodrigo Godoy, inform\u00f3 que con motivo de Semana<br>Santa, y como es tradicional en este periodo, se ampl\u00eda el horario de funcionamiento del laboratorio<br>de la Seremi de Salud la semana del 25 al 28 de marzo, y se establece un turno de llamado para el 29<br>de marzo, para facilitar el acceso a los an\u00e1lisis de marea roja y que la comunidad consuma productos<br>seguros.<br>Antecedentes<br>La Marea Roja es un fen\u00f3meno que se encuentra presente en Magallanes desde la d\u00e9cada del 70, con<br>apariciones espor\u00e1dicas, y de manera permanente desde los a\u00f1os noventa. En la regi\u00f3n est\u00e1n<br>presentes tres tipos de toxinas marinas: Veneno Paralizante de los Mariscos (VPM), Veneno Diarreico<br>de los Mariscos (VDM) y Veneno Amn\u00e9sico de los Mariscos (VAM).<br>El an\u00e1lisis de Marea Roja es la \u00fanica manera de asegurarnos que un producto se encuentre apto para<br>su consumo. La Autoridad Sanitaria cuenta con laboratorios en las ciudades de Punta Arenas, Puerto<br>Natales y Porvenir, los que desarrollan una importante labor de vigilancia.<br>Desde mediados de octubre de 2023 se comenz\u00f3 a detectar un alza en los niveles de veneno<br>paralizante de los moluscos (VPM) en el norte de la regi\u00f3n de Magallanes, Provincia de \u00daltima<br>Esperanza, lo que oblig\u00f3 a realizar cierre de sectores para la extracci\u00f3n de productos y as\u00ed resguardar<\/p>\n\n\n\n<p>la salud de la poblaci\u00f3n. Se ha mantenido una vigilancia constante de los niveles a trav\u00e9s de las<br>muestras entregadas por los cruceros del IFOP. Actualmente se est\u00e1 observando una disminuci\u00f3n de<br>los niveles de VPM en la zona norte de Magallanes, pero a\u00fan no se recupera la condici\u00f3n sanitaria para<br>su apertura.<\/p>\n","protected":false},"excerpt":{"rendered":"<p>Como parte de las acciones que realiza la Secretar\u00eda Regional Ministerial de Salud de Magallanesprevio a Semana Santa, se realiz\u00f3 una reuni\u00f3n de la Mesa T\u00e9cnica de Marea Roja para&#8230; <a class=\"read-more\" href=\"https:\/\/www.radiopresidenteibanez.cl\/web\/seremi-de-salud-magallanes-realiza-reunion-de-mesa-tecnica-de-marea-roja-en-preparacion-a-semana-santa\/\">Leer m\u00e1s<\/a><\/p>\n","protected":false},"author":2,"featured_media":47236,"comment_status":"closed","ping_status":"closed","sticky":false,"template":"","format":"standard","meta":{"footnotes":""},"categories":[1],"tags":[],"class_list":["post-47235","post","type-post","status-publish","format-standard","has-post-thumbnail","hentry","category-cronica"],"_links":{"self":[{"href":"https:\/\/www.radiopresidenteibanez.cl\/web\/wp-json\/wp\/v2\/posts\/47235","targetHints":{"allow":["GET"]}}],"collection":[{"href":"https:\/\/www.radiopresidenteibanez.cl\/web\/wp-json\/wp\/v2\/posts"}],"about":[{"href":"https:\/\/www.radiopresidenteibanez.cl\/web\/wp-json\/wp\/v2\/types\/post"}],"author":[{"embeddable":true,"href":"https:\/\/www.radiopresidenteibanez.cl\/web\/wp-json\/wp\/v2\/users\/2"}],"replies":[{"embeddable":true,"href":"https:\/\/www.radiopresidenteibanez.cl\/web\/wp-json\/wp\/v2\/comments?post=47235"}],"version-history":[{"count":0,"href":"https:\/\/www.radiopresidenteibanez.cl\/web\/wp-json\/wp\/v2\/posts\/47235\/revisions"}],"wp:featuredmedia":[{"embeddable":true,"href":"https:\/\/www.radiopresidenteibanez.cl\/web\/wp-json\/wp\/v2\/media\/47236"}],"wp:attachment":[{"href":"https:\/\/www.radiopresidenteibanez.cl\/web\/wp-json\/wp\/v2\/media?parent=47235"}],"wp:term":[{"taxonomy":"category","embeddable":true,"href":"https:\/\/www.radiopresidenteibanez.cl\/web\/wp-json\/wp\/v2\/categories?post=47235"},{"taxonomy":"post_tag","embeddable":true,"href":"https:\/\/www.radiopresidenteibanez.cl\/web\/wp-json\/wp\/v2\/tags?post=47235"}],"curies":[{"name":"wp","href":"https:\/\/api.w.org\/{rel}","templated":true}]}}