{"id":47225,"date":"2024-03-22T15:47:00","date_gmt":"2024-03-22T18:47:00","guid":{"rendered":"https:\/\/www.radiopresidenteibanez.cl\/web\/?p=47225"},"modified":"2024-03-22T10:27:54","modified_gmt":"2024-03-22T13:27:54","slug":"consulado-de-francia-propone-impulsar-apredinzaje-del-idioma-en-las-escuelas-publicas","status":"publish","type":"post","link":"https:\/\/www.radiopresidenteibanez.cl\/web\/consulado-de-francia-propone-impulsar-apredinzaje-del-idioma-en-las-escuelas-publicas\/","title":{"rendered":"CONSULADO DE FRANCIA PROPONE IMPULSAR APREDINZAJE DEL IDIOMA EN LAS ESCUELAS PUBLICAS"},"content":{"rendered":"\n<p>La escuela 18 de Septiembre de Punta Arenas ser\u00e1 el primer recinto donde implementar\u00e1n una<br>iniciativa que propuso la c\u00f3nsul honoraria de Francia en esta ciudad, Claire Bourguignon, para<br>fomentar la ense\u00f1anza del idioma galo.<br>Se trata de los clubes de franc\u00e9s, grupos de estudiantes que participar\u00e1n en talleres de<br>gastronom\u00eda, coro y fotograf\u00eda impartidos por monitores franceses y que comenzar\u00e1n en abril en<br>el establecimiento del sector sur de Punta Arenas.<br>La c\u00f3nsul Bourguignon y la directora de la escuela, Patricia Barrios Saint Germain, se reunieron con<br>el director ejecutivo del Servicio Local de Educaci\u00f3n P\u00fablica Magallanes, Mario Garc\u00eda Mart\u00ednez, y<br>la subdirectora de la Unidad de Apoyo T\u00e9cnico Pedag\u00f3gico, Elizabeth Ar\u00e1nguiz Rivera, para<br>comentar los avances de la iniciativa que busca fomentar el aprendizaje del idioma franc\u00e9s en las<br>aulas.<br>\u201cCuando llegu\u00e9 a la regi\u00f3n hace tres a\u00f1os mi objetivo fue revivir el idioma y la cultura franceses, y<br>con un grupo de amigos pensamos que podemos comenzar en las escuelas y crear clubes de<br>franc\u00e9s y plantar la semilla del idioma\u201d, coment\u00f3 la representante de Francia.<br>La directora de la escuela 18 de Septiembre, dijo por su parte que \u201ctenemos clases de ingl\u00e9s desde<br>prek\u00ednder a octavo y la lengua mapuche-huilliche de primero a cuarto b\u00e1sico y ser\u00e1 muy<br>interesante integrar el idioma franc\u00e9s, que marca un legado en nuestra regi\u00f3n\u201d.<br>Una vez implementada esta experiencia piloto en la escuela 18 de Septiembre buscar\u00e1n<br>extenderla los dem\u00e1s establecimientos educacionales p\u00fablicos de la regi\u00f3n.<\/p>\n","protected":false},"excerpt":{"rendered":"<p>La escuela 18 de Septiembre de Punta Arenas ser\u00e1 el primer recinto donde implementar\u00e1n unainiciativa que propuso la c\u00f3nsul honoraria de Francia en esta ciudad, Claire Bourguignon, parafomentar la ense\u00f1anza&#8230; <a class=\"read-more\" href=\"https:\/\/www.radiopresidenteibanez.cl\/web\/consulado-de-francia-propone-impulsar-apredinzaje-del-idioma-en-las-escuelas-publicas\/\">Leer m\u00e1s<\/a><\/p>\n","protected":false},"author":2,"featured_media":47226,"comment_status":"closed","ping_status":"closed","sticky":false,"template":"","format":"standard","meta":{"footnotes":""},"categories":[1],"tags":[],"class_list":["post-47225","post","type-post","status-publish","format-standard","has-post-thumbnail","hentry","category-cronica"],"_links":{"self":[{"href":"https:\/\/www.radiopresidenteibanez.cl\/web\/wp-json\/wp\/v2\/posts\/47225","targetHints":{"allow":["GET"]}}],"collection":[{"href":"https:\/\/www.radiopresidenteibanez.cl\/web\/wp-json\/wp\/v2\/posts"}],"about":[{"href":"https:\/\/www.radiopresidenteibanez.cl\/web\/wp-json\/wp\/v2\/types\/post"}],"author":[{"embeddable":true,"href":"https:\/\/www.radiopresidenteibanez.cl\/web\/wp-json\/wp\/v2\/users\/2"}],"replies":[{"embeddable":true,"href":"https:\/\/www.radiopresidenteibanez.cl\/web\/wp-json\/wp\/v2\/comments?post=47225"}],"version-history":[{"count":0,"href":"https:\/\/www.radiopresidenteibanez.cl\/web\/wp-json\/wp\/v2\/posts\/47225\/revisions"}],"wp:featuredmedia":[{"embeddable":true,"href":"https:\/\/www.radiopresidenteibanez.cl\/web\/wp-json\/wp\/v2\/media\/47226"}],"wp:attachment":[{"href":"https:\/\/www.radiopresidenteibanez.cl\/web\/wp-json\/wp\/v2\/media?parent=47225"}],"wp:term":[{"taxonomy":"category","embeddable":true,"href":"https:\/\/www.radiopresidenteibanez.cl\/web\/wp-json\/wp\/v2\/categories?post=47225"},{"taxonomy":"post_tag","embeddable":true,"href":"https:\/\/www.radiopresidenteibanez.cl\/web\/wp-json\/wp\/v2\/tags?post=47225"}],"curies":[{"name":"wp","href":"https:\/\/api.w.org\/{rel}","templated":true}]}}