{"id":47216,"date":"2024-03-22T11:35:00","date_gmt":"2024-03-22T14:35:00","guid":{"rendered":"https:\/\/www.radiopresidenteibanez.cl\/web\/?p=47216"},"modified":"2024-03-22T09:31:54","modified_gmt":"2024-03-22T12:31:54","slug":"cft-de-magallanes-recibio-a-sus-nuevos-estudiantes-y-doventes-2024","status":"publish","type":"post","link":"https:\/\/www.radiopresidenteibanez.cl\/web\/cft-de-magallanes-recibio-a-sus-nuevos-estudiantes-y-doventes-2024\/","title":{"rendered":"CFT DE MAGALLANES RECIBIO A SUS NUEVOS ESTUDIANTES Y DOVENTES 2024"},"content":{"rendered":"\n<p>Con la denominada \u201cSemana Cero\u201d se iniciaron las actividades acad\u00e9micas del a\u00f1o 2024 del Centro<br>de Formaci\u00f3n T\u00e9cnica Estatal (CFT) de Magallanes en su sede de Porvenir. Estudiantes y docentes<br>que se suman en este per\u00edodo a la comunidad acad\u00e9mica recibieron la inducci\u00f3n al proceso<br>formativo que ahora comienzan.<br>\u201cEstamos muy contentos, porque el alma del CFT es el proceso formativo, y hoy d\u00eda ya podemos<br>decir que estamos llenando el espacio del CFT con nuevos estudiantes que han puesto todas sus<br>esperanzas en tener una especialidad, y nosotros estamos dando el pie inicial para que esta cohorte<br>2024 pueda decir que estudiaron en el CFT de Magallanes, que est\u00e1 en Porvenir y que de otra forma<br>quiz\u00e1s no habr\u00edan podido acceder a educaci\u00f3n superior\u201d, se\u00f1al\u00f3 la rectora de la instituci\u00f3n, Valeria<br>Gallardo.<br>La Semana Cero es una actividad que se divide en varias jornadas, en las cuales se les da la<br>bienvenida a las y los nuevos estudiantes, adem\u00e1s que a los docentes que se suman al equipo<br>formativo.<br>Estudiantes reciben la inducci\u00f3n para acceder a las plataformas digitales de la instituci\u00f3n,<br>reglamentos, y conocen alcances y prestaciones que entregan cada una de las unidades que existen<br>en el CFT.<br>Por su parte, las y los docentes conocen los fines acad\u00e9micos y los lineamientos para la relaci\u00f3n que<br>deben cultivar con las y los estudiantes, mecanismos de reacci\u00f3n ante diversas situaciones, y planes<br>y plazos de entrega de material educativo.<\/p>\n","protected":false},"excerpt":{"rendered":"<p>Con la denominada \u201cSemana Cero\u201d se iniciaron las actividades acad\u00e9micas del a\u00f1o 2024 del Centrode Formaci\u00f3n T\u00e9cnica Estatal (CFT) de Magallanes en su sede de Porvenir. Estudiantes y docentesque se&#8230; <a class=\"read-more\" href=\"https:\/\/www.radiopresidenteibanez.cl\/web\/cft-de-magallanes-recibio-a-sus-nuevos-estudiantes-y-doventes-2024\/\">Leer m\u00e1s<\/a><\/p>\n","protected":false},"author":2,"featured_media":47217,"comment_status":"closed","ping_status":"closed","sticky":false,"template":"","format":"standard","meta":{"footnotes":""},"categories":[1],"tags":[],"class_list":["post-47216","post","type-post","status-publish","format-standard","has-post-thumbnail","hentry","category-cronica"],"_links":{"self":[{"href":"https:\/\/www.radiopresidenteibanez.cl\/web\/wp-json\/wp\/v2\/posts\/47216","targetHints":{"allow":["GET"]}}],"collection":[{"href":"https:\/\/www.radiopresidenteibanez.cl\/web\/wp-json\/wp\/v2\/posts"}],"about":[{"href":"https:\/\/www.radiopresidenteibanez.cl\/web\/wp-json\/wp\/v2\/types\/post"}],"author":[{"embeddable":true,"href":"https:\/\/www.radiopresidenteibanez.cl\/web\/wp-json\/wp\/v2\/users\/2"}],"replies":[{"embeddable":true,"href":"https:\/\/www.radiopresidenteibanez.cl\/web\/wp-json\/wp\/v2\/comments?post=47216"}],"version-history":[{"count":0,"href":"https:\/\/www.radiopresidenteibanez.cl\/web\/wp-json\/wp\/v2\/posts\/47216\/revisions"}],"wp:featuredmedia":[{"embeddable":true,"href":"https:\/\/www.radiopresidenteibanez.cl\/web\/wp-json\/wp\/v2\/media\/47217"}],"wp:attachment":[{"href":"https:\/\/www.radiopresidenteibanez.cl\/web\/wp-json\/wp\/v2\/media?parent=47216"}],"wp:term":[{"taxonomy":"category","embeddable":true,"href":"https:\/\/www.radiopresidenteibanez.cl\/web\/wp-json\/wp\/v2\/categories?post=47216"},{"taxonomy":"post_tag","embeddable":true,"href":"https:\/\/www.radiopresidenteibanez.cl\/web\/wp-json\/wp\/v2\/tags?post=47216"}],"curies":[{"name":"wp","href":"https:\/\/api.w.org\/{rel}","templated":true}]}}