{"id":47197,"date":"2024-03-21T15:59:00","date_gmt":"2024-03-21T18:59:00","guid":{"rendered":"https:\/\/www.radiopresidenteibanez.cl\/web\/?p=47197"},"modified":"2024-03-21T11:03:34","modified_gmt":"2024-03-21T14:03:34","slug":"buscan-fortalecer-la-prevencion-del-suicido-en-jovenes-a-traves-de-curso-online-para-toda-latino-america","status":"publish","type":"post","link":"https:\/\/www.radiopresidenteibanez.cl\/web\/buscan-fortalecer-la-prevencion-del-suicido-en-jovenes-a-traves-de-curso-online-para-toda-latino-america\/","title":{"rendered":"BUSCAN FORTALECER LA PREVENCION DEL SUICIDO EN JOVENES A TRAVES DE CURSO ONLINE PARA TODA LATINO AMERICA"},"content":{"rendered":"\n<p>El N\u00facleo Milenio para Mejorar la Salud Mental de Adolescentes y J\u00f3venes (Imhay), lanz\u00f3 el curso online<br>\u201cAbordaje del riesgo suicida en adolescentes y j\u00f3venes\u201d, iniciativa que busca entregar herramientas,<br>desarrollar habilidades e implementar estrategias para un abordaje oportuno y adecuado del riesgo<br>suicida en Latinoam\u00e9rica.<br>\u201cDurante la pandemia vimos que uno de los grupos m\u00e1s afectados en t\u00e9rminos de salud mental fue el de<br>adolescentes y j\u00f3venes, quienes presentaron mayor sintomatolog\u00eda depresiva y ansiosa, lo que puede<br>relacionarse a un mayor riesgo suicida. Entonces, creo que estamos a tiempo de poder actuar<br>oportunamente y prevenir para que estos problemas no se profundicen. Por tanto, este curso, que<br>otorga herramientas de detecci\u00f3n y de abordaje inicial a la audiencia en general, puede ser un<br>importante aporte en ese sentido\u201d, sostuvo la Dra. Vania Mart\u00ednez, acad\u00e9mica de la Universidad de Chile<br>y directora del N\u00facleo Milenio Imhay.<br>El curso online se desarrolla gracias al financiamiento de la Iniciativa Cient\u00edfica Milenio de la Agencia<br>Nacional de Investigaci\u00f3n y Desarrollo (ANID), y est\u00e1 dirigido a poblaci\u00f3n latinoamericana que est\u00e9 en<br>contacto estrecho con adolescentes y j\u00f3venes, tales como encargados de grupos deportivos, scouts,<br>art\u00edsticos, etc. Tambi\u00e9n los conocimientos que se entregar\u00e1n a trav\u00e9s de la plataforma pueden ser de<br>inter\u00e9s para personas que en el futuro ejercer\u00e1n un rol profesional con este grupo de la poblaci\u00f3n (ej.<br>estudiantes de carreras de la salud, de psicolog\u00eda, de trabajo social, de educaci\u00f3n, etc.), a quienes<br>ejercen el rol o ejercer\u00e1n un rol en la comunicaci\u00f3n sobre suicidio (ej. periodistas, estudiantes de<br>periodismo, comunicadores\/as sociales), y a personal de primera l\u00ednea en la atenci\u00f3n de personas<br>afectadas por esta tem\u00e1tica, (ej. polic\u00edas, bomberos\/as, rescatistas, gendarmes, etc.).<br>\u201cEl suicidio debe ser considerado como multifactorial, ya que existen muchos elementos que pueden<br>estar influyendo. Por ejemplo, a nivel socioecon\u00f3mico, la pobreza se relaciona con mayor suicidio; a<br>nivel de v\u00ednculos, aquellas sociedades que son m\u00e1s individualistas, en las que hay menos red de apoyo,<br>es otro factor de riesgo. Entonces, para pensar c\u00f3mo abordarlo y para intervenir tambi\u00e9n hay que<br>considerar distintas \u00e1reas, no puede solo ser el sector salud o salud mental. Por eso la invitaci\u00f3n es a<br>que desde diversas disciplinas y roles podamos participar del curso\u201d, complementa la Dra. Mart\u00ednez.<br>El suicidio se puede prevenir<br>Seg\u00fan datos estad\u00edsticos de la Organizaci\u00f3n Panamericana de la Salud, el suicidio es la cuarta causa de<br>muerte entre personas de 15 a 29 a\u00f1os. Las Am\u00e9ricas es el \u00fanico lugar del mundo donde la mortalidad<br>por suicidio ha ido en aumento desde el a\u00f1o 2000. Sin embargo, esto no ocurre por igual en todos los<br>pa\u00edses. En Chile, hubo una disminuci\u00f3n de la mortalidad por suicidio en la d\u00e9cada anterior y, a partir de<br>la pandemia, existe registro de una disminuci\u00f3n a\u00fan m\u00e1s importante de las muertes por suicidio durante<br>el confinamiento. No obstante, se estima que post confinamiento, aunque todav\u00eda no son datos<br>validados, se estar\u00eda volviendo a las tasas anteriores.<\/p>\n\n\n\n<p>En este contexto, hay que tener claridad que el suicidio se puede prevenir y para ello es importante<br>contar con mayores conocimientos y adquirir herramientas para un abordaje oportuno y seguro.<br>\u201cEl curso, aunque es inicial, es bastante completo, con una metodolog\u00eda muy amigable, cercana y<br>accesible a gran parte de nuestra poblaci\u00f3n en Chile y Latinoam\u00e9rica. Se realiza principalmente con<br>videos y puede adaptarse a los tiempos de cada participante. Con estas facilidades y la experiencia que<br>tenemos como N\u00facleo Milenio Imhay, esperamos que se tome conciencia acerca del rol que cada uno o<br>cada una tiene en esta tem\u00e1tica, desde los espacios laborales, de amistad, de familia y desde la<br>comunicaci\u00f3n. En este sentido, quiero destacar que incluimos herramientas sobre c\u00f3mo informar<br>responsablemente en medios de comunicaci\u00f3n formales y redes sociales, con el objetivo de hablar del<br>tema de forma segura, que no estigmatice y que no promueva las conductas suicidas imitativas\u201d,<br>puntualiza la Dra. Mart\u00ednez.<br>El curso consta de cuatro m\u00f3dulos: Prevenci\u00f3n del Suicidio en Adolescentes y J\u00f3venes: Tarea de Todos y<br>Todas; Detecci\u00f3n y Evaluaci\u00f3n de la Gravedad del Riesgo Suicida en Adolescentes y J\u00f3venes; Abordaje<br>Inicial del Riesgo Suicida en Adolescentes y J\u00f3venes; y Postvenci\u00f3n y Duelo por Suicidio de Adolescente o<br>Joven.<\/p>\n","protected":false},"excerpt":{"rendered":"<p>El N\u00facleo Milenio para Mejorar la Salud Mental de Adolescentes y J\u00f3venes (Imhay), lanz\u00f3 el curso online\u201cAbordaje del riesgo suicida en adolescentes y j\u00f3venes\u201d, iniciativa que busca entregar herramientas,desarrollar habilidades&#8230; <a class=\"read-more\" href=\"https:\/\/www.radiopresidenteibanez.cl\/web\/buscan-fortalecer-la-prevencion-del-suicido-en-jovenes-a-traves-de-curso-online-para-toda-latino-america\/\">Leer m\u00e1s<\/a><\/p>\n","protected":false},"author":2,"featured_media":47198,"comment_status":"closed","ping_status":"closed","sticky":false,"template":"","format":"standard","meta":{"footnotes":""},"categories":[1],"tags":[],"class_list":["post-47197","post","type-post","status-publish","format-standard","has-post-thumbnail","hentry","category-cronica"],"_links":{"self":[{"href":"https:\/\/www.radiopresidenteibanez.cl\/web\/wp-json\/wp\/v2\/posts\/47197","targetHints":{"allow":["GET"]}}],"collection":[{"href":"https:\/\/www.radiopresidenteibanez.cl\/web\/wp-json\/wp\/v2\/posts"}],"about":[{"href":"https:\/\/www.radiopresidenteibanez.cl\/web\/wp-json\/wp\/v2\/types\/post"}],"author":[{"embeddable":true,"href":"https:\/\/www.radiopresidenteibanez.cl\/web\/wp-json\/wp\/v2\/users\/2"}],"replies":[{"embeddable":true,"href":"https:\/\/www.radiopresidenteibanez.cl\/web\/wp-json\/wp\/v2\/comments?post=47197"}],"version-history":[{"count":0,"href":"https:\/\/www.radiopresidenteibanez.cl\/web\/wp-json\/wp\/v2\/posts\/47197\/revisions"}],"wp:featuredmedia":[{"embeddable":true,"href":"https:\/\/www.radiopresidenteibanez.cl\/web\/wp-json\/wp\/v2\/media\/47198"}],"wp:attachment":[{"href":"https:\/\/www.radiopresidenteibanez.cl\/web\/wp-json\/wp\/v2\/media?parent=47197"}],"wp:term":[{"taxonomy":"category","embeddable":true,"href":"https:\/\/www.radiopresidenteibanez.cl\/web\/wp-json\/wp\/v2\/categories?post=47197"},{"taxonomy":"post_tag","embeddable":true,"href":"https:\/\/www.radiopresidenteibanez.cl\/web\/wp-json\/wp\/v2\/tags?post=47197"}],"curies":[{"name":"wp","href":"https:\/\/api.w.org\/{rel}","templated":true}]}}