{"id":4717,"date":"2019-06-03T15:19:17","date_gmt":"2019-06-03T15:19:17","guid":{"rendered":"http:\/\/www.radiopresidenteibanez.cl\/web\/?p=4717"},"modified":"2019-06-03T15:19:35","modified_gmt":"2019-06-03T15:19:35","slug":"familias-fueron-protagonistas-en-feria-marina-de-fundacion-cequa","status":"publish","type":"post","link":"https:\/\/www.radiopresidenteibanez.cl\/web\/familias-fueron-protagonistas-en-feria-marina-de-fundacion-cequa\/","title":{"rendered":"FAMILIAS FUERON PROTAGONISTAS EN FERIA MARINA DE FUNDACI\u00d3N CEQUA"},"content":{"rendered":"\n<p>Las familias fueron protagonistas de la Feria Marina \u201cVive\nel mar\u201d, evento organizado por el Centro Regional Fundaci\u00f3n CEQUA con el\nobjetivo de unir la ciencia, con la educaci\u00f3n y el arte entre distintos\nrepresentantes de organismos p\u00fablicos y privados.<\/p>\n\n\n\n<p>La actividad se realiz\u00f3 el s\u00e1bado reci\u00e9n pasado en el\nInstituto Superior de Comercio (Insuco) y consider\u00f3 la presentaci\u00f3n de muestras\ninstitucionales de la Armada de Chile, el Instituto de Fomento Pesquero (Ifop),\nla Casa Azul del Arte, del Jard\u00edn Infantil y Sala Cuna \u201cMagallanes\u201d, la\nAgrupaci\u00f3n Ecol\u00f3gica Patag\u00f3nica y de nuestro centro de investigaci\u00f3n regional.<\/p>\n\n\n\n<p>Tambi\u00e9n se exhibieron artesan\u00edas de Luisa Bustamante y &nbsp;Eliana Ibacache, y hubo degustaci\u00f3n de productos\nde mar de la banquetera Pabla Arias y de los alumnos de Gastronom\u00eda del Liceo\nPolit\u00e9cnico de Punta Arenas.<\/p>\n\n\n\n<p>El espect\u00e1culo art\u00edstico cont\u00f3 con la participaci\u00f3n de Anah\u00ed\ny Roc\u00edo Velqu\u00e9n, con cuecas en vivo; 5\u00aa Esencia, m\u00fasica popular en vivo, canto\ny baile; la Academia de Ballet Denis Balladares; Conjunto Folcl\u00f3rico El\nDespertar de los Ruise\u00f1ores, quenista Manuel Huinao y Ensamble Latinoamericano\nCasa Azul del Arte. <\/p>\n\n\n\n<p>Fundaci\u00f3n CEQUA agradece a todos quienes asistieron a esta convocatoria y a las personas e instituciones que dieron vida a este evento con el que nuestro centro regional culmina la conmemoraci\u00f3n del Mes del Mar. <\/p>\n\n\n\n<figure class=\"wp-block-image\"><img loading=\"lazy\" decoding=\"async\" width=\"900\" height=\"600\" src=\"https:\/\/www.radiopresidenteibanez.cl\/web\/wp-content\/uploads\/2019\/06\/PUBLICO.jpg\" alt=\"\" class=\"wp-image-4718\" srcset=\"https:\/\/www.radiopresidenteibanez.cl\/web\/wp-content\/uploads\/2019\/06\/PUBLICO.jpg 900w, https:\/\/www.radiopresidenteibanez.cl\/web\/wp-content\/uploads\/2019\/06\/PUBLICO-300x200.jpg 300w, https:\/\/www.radiopresidenteibanez.cl\/web\/wp-content\/uploads\/2019\/06\/PUBLICO-768x512.jpg 768w\" sizes=\"auto, (max-width: 900px) 100vw, 900px\" \/><\/figure>\n","protected":false},"excerpt":{"rendered":"<p>Las familias fueron protagonistas de la Feria Marina \u201cVive el mar\u201d, evento organizado por el Centro Regional Fundaci\u00f3n CEQUA con el objetivo de unir la ciencia, con la educaci\u00f3n y&#8230; <a class=\"read-more\" href=\"https:\/\/www.radiopresidenteibanez.cl\/web\/familias-fueron-protagonistas-en-feria-marina-de-fundacion-cequa\/\">Leer m\u00e1s<\/a><\/p>\n","protected":false},"author":2,"featured_media":4718,"comment_status":"closed","ping_status":"closed","sticky":false,"template":"","format":"standard","meta":{"footnotes":""},"categories":[1],"tags":[],"class_list":["post-4717","post","type-post","status-publish","format-standard","has-post-thumbnail","hentry","category-cronica"],"_links":{"self":[{"href":"https:\/\/www.radiopresidenteibanez.cl\/web\/wp-json\/wp\/v2\/posts\/4717","targetHints":{"allow":["GET"]}}],"collection":[{"href":"https:\/\/www.radiopresidenteibanez.cl\/web\/wp-json\/wp\/v2\/posts"}],"about":[{"href":"https:\/\/www.radiopresidenteibanez.cl\/web\/wp-json\/wp\/v2\/types\/post"}],"author":[{"embeddable":true,"href":"https:\/\/www.radiopresidenteibanez.cl\/web\/wp-json\/wp\/v2\/users\/2"}],"replies":[{"embeddable":true,"href":"https:\/\/www.radiopresidenteibanez.cl\/web\/wp-json\/wp\/v2\/comments?post=4717"}],"version-history":[{"count":0,"href":"https:\/\/www.radiopresidenteibanez.cl\/web\/wp-json\/wp\/v2\/posts\/4717\/revisions"}],"wp:featuredmedia":[{"embeddable":true,"href":"https:\/\/www.radiopresidenteibanez.cl\/web\/wp-json\/wp\/v2\/media\/4718"}],"wp:attachment":[{"href":"https:\/\/www.radiopresidenteibanez.cl\/web\/wp-json\/wp\/v2\/media?parent=4717"}],"wp:term":[{"taxonomy":"category","embeddable":true,"href":"https:\/\/www.radiopresidenteibanez.cl\/web\/wp-json\/wp\/v2\/categories?post=4717"},{"taxonomy":"post_tag","embeddable":true,"href":"https:\/\/www.radiopresidenteibanez.cl\/web\/wp-json\/wp\/v2\/tags?post=4717"}],"curies":[{"name":"wp","href":"https:\/\/api.w.org\/{rel}","templated":true}]}}