{"id":47163,"date":"2024-03-20T14:21:00","date_gmt":"2024-03-20T17:21:00","guid":{"rendered":"https:\/\/www.radiopresidenteibanez.cl\/web\/?p=47163"},"modified":"2024-03-20T11:26:09","modified_gmt":"2024-03-20T14:26:09","slug":"ministerio-de-justicia-reconocio-como-mujer-destacada-a-pionera-formadora-de-mediadores-escolares-en-la-region","status":"publish","type":"post","link":"https:\/\/www.radiopresidenteibanez.cl\/web\/ministerio-de-justicia-reconocio-como-mujer-destacada-a-pionera-formadora-de-mediadores-escolares-en-la-region\/","title":{"rendered":"MINISTERIO DE JUSTICIA RECONOCI\u00d3 COMO MUJER DESTACADA A PIONERA FORMADORA DE MEDIADORES ESCOLARES EN LA REGI\u00d3N"},"content":{"rendered":"\n<p>En el marco de la conmemoraci\u00f3n del D\u00eda Internacional de la Mujer, el Ministerio de Justicia y<br>Derechos Humanos realiz\u00f3 el jueves 14 la entrega del premio Adriana Olgu\u00edn 2024, que reconoce<br>la trayectoria y el trabajo de sus funcionarias, as\u00ed como de quienes laboran en sus servicios<br>dependientes. En esta actividad encabezada por el Ministro Luis Cordero Vega, junto a los<br>subsecretarios de Justicia y de Derechos Humanos y directores (as) de servicios, result\u00f3<br>galardonada la magall\u00e1nica Cristina Montiel Ojeda, Coordinadora del Centro de Mediaci\u00f3n de<br>Punta Arenas de la Corporaci\u00f3n de Asistencia Judicial (CAJ Metro), con un trabajo pionero y de<br>larga data centrado en la soluci\u00f3n colaborativa de conflictos.<br>Esta trabajadora social, M\u00e1ster en Orientaci\u00f3n y Mediaci\u00f3n Familiar, lleva 19 a\u00f1os trabajando en la<br>Corporaci\u00f3n, y en Magallanes tambi\u00e9n recibi\u00f3 este lunes un afectuoso saludo de parte de la<br>Seremi de Justicia y DD.HH., Michelle Peutat Alvarado, a ra\u00edz de este valioso reconocimiento<br>nacional.<br>La galardonada calific\u00f3 como un honor la obtenci\u00f3n de este premio, que es \u201cel primero que se<br>genera desde el Ministerio de Justicia para funcionarias que lograron reunir ciertas caracter\u00edsticas<br>para que sus jefaturas las nombraran y pudieran ser reconocidas\u201d. En su caso, esto da cuenta de<br>un verdadero \u201ctrabajo de hormiga\u201d que ella ha venido desarrollando, \u201cun trabajo no se ve mucho y<br>en el fondo tiene un sentido y se valoriza\u201d. Aqu\u00ed resalt\u00f3 como legado un trabajo colaborativo con<br>otras instituciones, a trav\u00e9s de la formaci\u00f3n de mediadores escolares (facilitadores de c\u00edrculos de<br>di\u00e1logo), a lo cual ha entregado 12 a\u00f1os de intensa labor, siendo esto reconocido a trav\u00e9s de su<br>persona.<br>Explic\u00f3 que ha llegado a cientos de ni\u00f1os, ni\u00f1as y adolescentes a trav\u00e9s de esta herramienta que<br>les ayuda a \u201cc\u00f3mo enfrentar las dificultades y los conflictos de una manera constructiva\u201d. Como<br>trabajo que se ha ido consolidando en el tiempo, destac\u00f3 que \u00e9ste dio cabida a la elaboraci\u00f3n de<br>un manual, el cual tambi\u00e9n se utiliza en el resto del pa\u00eds: \u201cSi bien este trabajo parte en Magallanes,<br>con la Universidad de Magallanes y SECREDUC, tiene que ver con esto de hacer algo diferente, y<br>cuyas condiciones se dan en esta regi\u00f3n, al haber voluntad, ganas y, en el fondo, permiten trabajar<br>con otras instituciones, hacer un trabajo de red importante y, sobre todo, llegar a quienes<br>queremos llegar\u201d.<\/p>\n\n\n\n<p>Resalt\u00f3 adem\u00e1s el trabajo que realizan como Centro de Mediaci\u00f3n con la comunidad, dirigentes<br>(as) vecinales, de clubes de adulto mayor y todos quienes les soliciten formaci\u00f3n y capacitaci\u00f3n en<br>estas \u00e1reas de resoluci\u00f3n de conflictos, que abarcan distintos aspectos de la vida cotidiana.<br>A su vez, la Seremi Michelle Peutat, valor\u00f3 dentro de la conmemoraci\u00f3n del \u201c8M\u201d este merecido<br>reconocimiento en la persona de Cristina Montiel -una de 11 galardonadas a nivel nacional-,<br>premio que se inspira en Adriana Olgu\u00edn, abogada, activista y primera ministra de Justicia en Chile.<br>Ello, al encarnar su entrega una sostenida mejora en el tiempo \u201cen demanda de igualdad y<br>solidaridad que exige la sociedad hoy\u201d, tal como lo expresara el Ministro Cordero.<br>Asimismo, subray\u00f3 que \u201cel rol de Cristina y del Centro de Mediaci\u00f3n permite visibilizar otra forma<br>de resoluci\u00f3n de conflictos, que muchas veces es m\u00e1s efectiva que una sentencia judicial, puesto<br>que las partes involucradas tienen que colaborar en una soluci\u00f3n amistosa, y eso conlleva que<br>estas sean m\u00e1s duraderas en el tiempo. Por otra parte, indic\u00f3 que este trabajo \u201cse enmarca en una<br>de las prioridades de nuestra gesti\u00f3n como ministerio y gobierno, que es el acceso a la justicia. Y<br>buscar alternativas para aquello, considerando situaciones particulares que vive la comunidad, es<br>una tarea constante en la que seguiremos trabajando como Serem\u00eda de Justicia\u201d.<\/p>\n","protected":false},"excerpt":{"rendered":"<p>En el marco de la conmemoraci\u00f3n del D\u00eda Internacional de la Mujer, el Ministerio de Justicia yDerechos Humanos realiz\u00f3 el jueves 14 la entrega del premio Adriana Olgu\u00edn 2024, que&#8230; <a class=\"read-more\" href=\"https:\/\/www.radiopresidenteibanez.cl\/web\/ministerio-de-justicia-reconocio-como-mujer-destacada-a-pionera-formadora-de-mediadores-escolares-en-la-region\/\">Leer m\u00e1s<\/a><\/p>\n","protected":false},"author":2,"featured_media":47164,"comment_status":"closed","ping_status":"closed","sticky":false,"template":"","format":"standard","meta":{"footnotes":""},"categories":[1],"tags":[],"class_list":["post-47163","post","type-post","status-publish","format-standard","has-post-thumbnail","hentry","category-cronica"],"_links":{"self":[{"href":"https:\/\/www.radiopresidenteibanez.cl\/web\/wp-json\/wp\/v2\/posts\/47163","targetHints":{"allow":["GET"]}}],"collection":[{"href":"https:\/\/www.radiopresidenteibanez.cl\/web\/wp-json\/wp\/v2\/posts"}],"about":[{"href":"https:\/\/www.radiopresidenteibanez.cl\/web\/wp-json\/wp\/v2\/types\/post"}],"author":[{"embeddable":true,"href":"https:\/\/www.radiopresidenteibanez.cl\/web\/wp-json\/wp\/v2\/users\/2"}],"replies":[{"embeddable":true,"href":"https:\/\/www.radiopresidenteibanez.cl\/web\/wp-json\/wp\/v2\/comments?post=47163"}],"version-history":[{"count":0,"href":"https:\/\/www.radiopresidenteibanez.cl\/web\/wp-json\/wp\/v2\/posts\/47163\/revisions"}],"wp:featuredmedia":[{"embeddable":true,"href":"https:\/\/www.radiopresidenteibanez.cl\/web\/wp-json\/wp\/v2\/media\/47164"}],"wp:attachment":[{"href":"https:\/\/www.radiopresidenteibanez.cl\/web\/wp-json\/wp\/v2\/media?parent=47163"}],"wp:term":[{"taxonomy":"category","embeddable":true,"href":"https:\/\/www.radiopresidenteibanez.cl\/web\/wp-json\/wp\/v2\/categories?post=47163"},{"taxonomy":"post_tag","embeddable":true,"href":"https:\/\/www.radiopresidenteibanez.cl\/web\/wp-json\/wp\/v2\/tags?post=47163"}],"curies":[{"name":"wp","href":"https:\/\/api.w.org\/{rel}","templated":true}]}}