{"id":47160,"date":"2024-03-20T12:50:00","date_gmt":"2024-03-20T15:50:00","guid":{"rendered":"https:\/\/www.radiopresidenteibanez.cl\/web\/?p=47160"},"modified":"2024-03-20T11:19:51","modified_gmt":"2024-03-20T14:19:51","slug":"gala-artistica-rinde-homenaje-al-barrio-prat-en-el-teatro-municipal","status":"publish","type":"post","link":"https:\/\/www.radiopresidenteibanez.cl\/web\/gala-artistica-rinde-homenaje-al-barrio-prat-en-el-teatro-municipal\/","title":{"rendered":"GALA ART\u00cdSTICA RINDE HOMENAJE AL BARRIO PRAT EN EL TEATRO MUNICIPAL"},"content":{"rendered":"\n<p>Con bailes y m\u00fasica de \u00e9poca la Agrupaci\u00f3n \u201cCuequera Esmeralda\u201d rendir\u00e1 homenaje al pasado y presente del Barrio Prat, popular sector de Punta Arenas que fue fundado a principios del siglo XX siendo su poblaci\u00f3n migrante una fuerza gravitante para el desarrollo de la ciudad en los a\u00f1os venideros.<\/p>\n\n\n\n<p>La presentaci\u00f3n art\u00edstica se realizar\u00e1 los d\u00edas 20 y 27 de marzo a las 20 hrs en el Teatro Municipales, en funciones gratuitas a las que est\u00e1 invitada toda la comunidad, en especial los vecinos y vecinas del barrio que viven en el contorno de la Plaza Esmeralda donde luce desde hace d\u00e9cadas un busto del h\u00e9roe naval de Iquique, Arturo Prat Chac\u00f3n.<\/p>\n\n\n\n<p>Jos\u00e9 Navarro \u201cT\u00edo Pepe\u201d, presidente de la Agrupaci\u00f3n Cuequera Esmeralda se\u00f1ala que \u201cnosotros como agrupaci\u00f3n nacimos en el barrio Prat y siempre hemos contado con el apoyo de la Junta de Vecinos, por lo tanto rendir homenaje a este barrio es una tarea que emprendemos con mucho cari\u00f1o, entregando bailes de \u00e9poca interpretados por gente de la tercera edad y por supuesto, regalando a la comunidad una cueca, la \u201ccueca al barrio Prat\u201d alguna de las primicias que tendremos en esta gala y que no se pueden perder\u201d.<\/p>\n\n\n\n<p>V\u00edctor Hern\u00e1ndez escritor y guionista de la gala art\u00edstica nos habla de la importancia de este acto que rescata importantes elementos de los primeros a\u00f1os del siglo XX, en especial las d\u00e9cadas de 1920 a 1950.<\/p>\n\n\n\n<p>&nbsp;\u201cMucha gente no sabe que en Punta Arenas hubo un tren que atravesaba la ciudad de cerro a playa. Le llamaban \u201cEl Tren de la Mina Loreto\u201d. Cuando cruzaba el antiguo puente de madera en la calle Zenteno y bordeaba el r\u00edo de las Minas se internaba a un caser\u00edo que constru\u00edan hombres y mujeres\u201d.<\/p>\n\n\n\n<p>La inspiraci\u00f3n de este proyecto, que cuenta con financiamiento del FNDR 8% de Cultura del Gobierno Regional de Magallanes se basa en la fundaci\u00f3n de la Sociedad de Socorros Mutuos de Ambos Sexos \u201cArturo Prat\u201d un 19 de enero de 1931, la primera organizaci\u00f3n del barrio, incluso anterior a la fundaci\u00f3n del Club Deportivo Prat.<\/p>\n\n\n\n<p>La presentaci\u00f3n art\u00edstica tambi\u00e9n estar\u00e1 acompa\u00f1a del cuadro coreogr\u00e1fico que presentar\u00e1&nbsp; el conjunto folcl\u00f3rico El Legado &nbsp;con \u201cPatagonia Amada\u201d y los relatos hist\u00f3ricos y anecd\u00f3ticos que dialogar\u00e1n V\u00edctor Hern\u00e1ndez y Jos\u00e9 \u201cChecho\u201d Aguilante.<\/p>\n","protected":false},"excerpt":{"rendered":"<p>Con bailes y m\u00fasica de \u00e9poca la Agrupaci\u00f3n \u201cCuequera Esmeralda\u201d rendir\u00e1 homenaje al pasado y presente del Barrio Prat, popular sector de Punta Arenas que fue fundado a principios del&#8230; <a class=\"read-more\" href=\"https:\/\/www.radiopresidenteibanez.cl\/web\/gala-artistica-rinde-homenaje-al-barrio-prat-en-el-teatro-municipal\/\">Leer m\u00e1s<\/a><\/p>\n","protected":false},"author":2,"featured_media":47161,"comment_status":"closed","ping_status":"closed","sticky":false,"template":"","format":"standard","meta":{"footnotes":""},"categories":[1],"tags":[],"class_list":["post-47160","post","type-post","status-publish","format-standard","has-post-thumbnail","hentry","category-cronica"],"_links":{"self":[{"href":"https:\/\/www.radiopresidenteibanez.cl\/web\/wp-json\/wp\/v2\/posts\/47160","targetHints":{"allow":["GET"]}}],"collection":[{"href":"https:\/\/www.radiopresidenteibanez.cl\/web\/wp-json\/wp\/v2\/posts"}],"about":[{"href":"https:\/\/www.radiopresidenteibanez.cl\/web\/wp-json\/wp\/v2\/types\/post"}],"author":[{"embeddable":true,"href":"https:\/\/www.radiopresidenteibanez.cl\/web\/wp-json\/wp\/v2\/users\/2"}],"replies":[{"embeddable":true,"href":"https:\/\/www.radiopresidenteibanez.cl\/web\/wp-json\/wp\/v2\/comments?post=47160"}],"version-history":[{"count":0,"href":"https:\/\/www.radiopresidenteibanez.cl\/web\/wp-json\/wp\/v2\/posts\/47160\/revisions"}],"wp:featuredmedia":[{"embeddable":true,"href":"https:\/\/www.radiopresidenteibanez.cl\/web\/wp-json\/wp\/v2\/media\/47161"}],"wp:attachment":[{"href":"https:\/\/www.radiopresidenteibanez.cl\/web\/wp-json\/wp\/v2\/media?parent=47160"}],"wp:term":[{"taxonomy":"category","embeddable":true,"href":"https:\/\/www.radiopresidenteibanez.cl\/web\/wp-json\/wp\/v2\/categories?post=47160"},{"taxonomy":"post_tag","embeddable":true,"href":"https:\/\/www.radiopresidenteibanez.cl\/web\/wp-json\/wp\/v2\/tags?post=47160"}],"curies":[{"name":"wp","href":"https:\/\/api.w.org\/{rel}","templated":true}]}}