{"id":4714,"date":"2019-06-03T14:04:06","date_gmt":"2019-06-03T14:04:06","guid":{"rendered":"http:\/\/www.radiopresidenteibanez.cl\/web\/?p=4714"},"modified":"2019-06-03T14:04:51","modified_gmt":"2019-06-03T14:04:51","slug":"fernando-paredes-alcalde-de-puerto-natales-y-presidente-regional-de-la-udi-manifesto-que-se-debe-arreglar-la-ley-para-saber-de-mejor-manera-cuales-seran-las-atribuciones-de-los-gobernadores-regionales","status":"publish","type":"post","link":"https:\/\/www.radiopresidenteibanez.cl\/web\/fernando-paredes-alcalde-de-puerto-natales-y-presidente-regional-de-la-udi-manifesto-que-se-debe-arreglar-la-ley-para-saber-de-mejor-manera-cuales-seran-las-atribuciones-de-los-gobernadores-regionales\/","title":{"rendered":"FERNANDO PAREDES ALCALDE DE PUERTO NATALES Y PRESIDENTE REGIONAL DE LA UDI MANIFEST\u00d3 QUE SE DEBE ARREGLAR LA LEY PARA SABER DE MEJOR MANERA CUALES SER\u00c1N LAS ATRIBUCIONES DE LOS GOBERNADORES REGIONALES"},"content":{"rendered":"\n<p>Si bien las palabras de la actual diputada por Magallanes,\nSandra Amar de tener que postergar las elecciones a Gobernador hasta que se\ntenga claro cu\u00e1les ser\u00e1n las atribuciones que tendr\u00e1 este, causo la molestia de\nalgunos personeros pol\u00edticos tanto del actual oficialismo como la oposici\u00f3n,\nuno de ellos fue Gabriel Boric, quienes muchos manifiestan que ser\u00e1 candidato a\nGobernador Regional.<\/p>\n\n\n\n<p>Ante esto es cierto que claras no est\u00e1n las funciones del\npr\u00f3ximo Gobernador que ser\u00e1 elegido por medio de elecci\u00f3n popular, ya que\ntambi\u00e9n contar\u00e1 con una persona que ser\u00e1 designado por el presidente de turno\nquien tomar\u00eda varias decisiones. A pesar de que algunas de las funciones del\ngobernador ser\u00e1n; formular pol\u00edticas de desarrollo de la regi\u00f3n, considerando\nlas pol\u00edticas y planes comunales respectivos, someter al consejo regional las\npol\u00edticas, estrategias y proyectos de planes regionales de desarrollo y sus\nmodificaciones as\u00ed tambi\u00e9n los proyectos de presupuesto del respectivo gobierno\nregional.<\/p>\n\n\n\n<p>En este sentido uno de los posibles candidatos al cargo,\nFernando Paredes Mancilla, actual alcalde de Puerto Natales y presidente\nregional de la UDI, expres\u00f3 que \u201cestamos en presencia de una mala ley y eso\ndebemos decirlo, hay que estar claro de cuales ser\u00e1n las funciones sino fracasaremos\nen las elecciones y con el cargo, as\u00ed que m\u00e1s all\u00e1 de tener que postergar las\nelecciones debemos enfocarnos en arreglarla como manifest\u00f3 el presidente en su\ncuenta p\u00fablica\u201d.<\/p>\n\n\n\n<p>Cabe mencionar que las elecciones a Gobernador Regional, se\nrealizar\u00e1n cada cuatro a\u00f1os, junto a las elecciones de Consejeros Regionales y\nelecciones municipales, es decir en el mes de octubre del a\u00f1o 2020.<\/p>\n\n\n\n<p>Para hacer calzar las elecciones de Gobernadores Regionales y Consejeros Regionales, y no afectar la duraci\u00f3n del cargo de los consejeros electos en 2017, es decir 4 a\u00f1os, la pr\u00f3xima elecci\u00f3n de Consejeros Regionales ser\u00e1 en 2021, junto con las elecciones presidenciales y parlamentarias. Quienes sean electos consejeros en esos comicios estar\u00e1n en el cargo s\u00f3lo por 3 a\u00f1os, para hacer coincidir la siguiente elecci\u00f3n de este tipo de cargos, con las elecciones de Gobernador Regional y municipales de octubre de 2024.<\/p>\n\n\n\n<figure class=\"wp-block-image\"><img loading=\"lazy\" decoding=\"async\" width=\"800\" height=\"533\" src=\"https:\/\/www.radiopresidenteibanez.cl\/web\/wp-content\/uploads\/2019\/06\/alcalde-Fernando-Paredes-Mansilla.jpg\" alt=\"\" class=\"wp-image-4715\" srcset=\"https:\/\/www.radiopresidenteibanez.cl\/web\/wp-content\/uploads\/2019\/06\/alcalde-Fernando-Paredes-Mansilla.jpg 800w, https:\/\/www.radiopresidenteibanez.cl\/web\/wp-content\/uploads\/2019\/06\/alcalde-Fernando-Paredes-Mansilla-300x200.jpg 300w, https:\/\/www.radiopresidenteibanez.cl\/web\/wp-content\/uploads\/2019\/06\/alcalde-Fernando-Paredes-Mansilla-768x512.jpg 768w\" sizes=\"auto, (max-width: 800px) 100vw, 800px\" \/><\/figure>\n","protected":false},"excerpt":{"rendered":"<p>Si bien las palabras de la actual diputada por Magallanes, Sandra Amar de tener que postergar las elecciones a Gobernador hasta que se tenga claro cu\u00e1les ser\u00e1n las atribuciones que&#8230; <a class=\"read-more\" href=\"https:\/\/www.radiopresidenteibanez.cl\/web\/fernando-paredes-alcalde-de-puerto-natales-y-presidente-regional-de-la-udi-manifesto-que-se-debe-arreglar-la-ley-para-saber-de-mejor-manera-cuales-seran-las-atribuciones-de-los-gobernadores-regionales\/\">Leer m\u00e1s<\/a><\/p>\n","protected":false},"author":2,"featured_media":4715,"comment_status":"closed","ping_status":"closed","sticky":false,"template":"","format":"standard","meta":{"footnotes":""},"categories":[5],"tags":[],"class_list":["post-4714","post","type-post","status-publish","format-standard","has-post-thumbnail","hentry","category-politica"],"_links":{"self":[{"href":"https:\/\/www.radiopresidenteibanez.cl\/web\/wp-json\/wp\/v2\/posts\/4714","targetHints":{"allow":["GET"]}}],"collection":[{"href":"https:\/\/www.radiopresidenteibanez.cl\/web\/wp-json\/wp\/v2\/posts"}],"about":[{"href":"https:\/\/www.radiopresidenteibanez.cl\/web\/wp-json\/wp\/v2\/types\/post"}],"author":[{"embeddable":true,"href":"https:\/\/www.radiopresidenteibanez.cl\/web\/wp-json\/wp\/v2\/users\/2"}],"replies":[{"embeddable":true,"href":"https:\/\/www.radiopresidenteibanez.cl\/web\/wp-json\/wp\/v2\/comments?post=4714"}],"version-history":[{"count":0,"href":"https:\/\/www.radiopresidenteibanez.cl\/web\/wp-json\/wp\/v2\/posts\/4714\/revisions"}],"wp:featuredmedia":[{"embeddable":true,"href":"https:\/\/www.radiopresidenteibanez.cl\/web\/wp-json\/wp\/v2\/media\/4715"}],"wp:attachment":[{"href":"https:\/\/www.radiopresidenteibanez.cl\/web\/wp-json\/wp\/v2\/media?parent=4714"}],"wp:term":[{"taxonomy":"category","embeddable":true,"href":"https:\/\/www.radiopresidenteibanez.cl\/web\/wp-json\/wp\/v2\/categories?post=4714"},{"taxonomy":"post_tag","embeddable":true,"href":"https:\/\/www.radiopresidenteibanez.cl\/web\/wp-json\/wp\/v2\/tags?post=4714"}],"curies":[{"name":"wp","href":"https:\/\/api.w.org\/{rel}","templated":true}]}}