{"id":4710,"date":"2019-06-03T13:53:34","date_gmt":"2019-06-03T13:53:34","guid":{"rendered":"http:\/\/www.radiopresidenteibanez.cl\/web\/?p=4710"},"modified":"2019-06-03T13:54:07","modified_gmt":"2019-06-03T13:54:07","slug":"la-cuenta-que-nos-cuentan-por-ernesto-sepulveda","status":"publish","type":"post","link":"https:\/\/www.radiopresidenteibanez.cl\/web\/la-cuenta-que-nos-cuentan-por-ernesto-sepulveda\/","title":{"rendered":"LA CUENTA QUE NOS CUENTAN POR ERNESTO SEPULVEDA"},"content":{"rendered":"\n<p>Concluimos la semana con la cuenta a la naci\u00f3n del presidente Pi\u00f1era. En medio de un operativo de seguridad in\u00e9dito, que incluy\u00f3 cambio de hora del discurso, el cierre de todas las calles aleda\u00f1as al congreso nacional en Valpara\u00edso, suspensi\u00f3n de la concurrida Feria de Avenida Argentina. En resumen, hubo una planificaci\u00f3n detallada, para no ver por televisi\u00f3n estudiantes y profesores protestando, o a vecinos reclamando o gremios exigiendo petitorios inc\u00f3modos para el presidente.<\/p>\n\n\n\n<p>Algunos sugirieron que el cambio de hora del discurso, se hizo pensando en estar en el horario prime en Televisi\u00f3n, ese que va a la hora de las noticias. Un medio escrito, ayer domingo comentaba , \u201capuesta acertada\u201d, destacando que el rating de la cuenta hab\u00eda subido un 5% respecto de la que dio el presidente el a\u00f1o pasado.<\/p>\n\n\n\n<p>El caso es que el famoso Ford Galaxy, se desplaz\u00f3 con su pasajero presidencial en medio de calles totalmente vac\u00edas. S\u00f3lo los cadetes de la Escuela Militar con sus vistosos uniformes, serv\u00edan de marco para las fotograf\u00edas de un presidente que saludaba sonriente. No hab\u00eda nadie para responderle.<\/p>\n\n\n\n<p>A veces los cuidados del sacrist\u00e1n, terminan matando al se\u00f1or cura. En este caso, el exceso de celo de seguridad, terminaron opacando este verdadero rito republicano.<\/p>\n\n\n\n<p>La ausencia de anuncios en materia de descentralizaci\u00f3n, se sum\u00f3 a la ausencia no tan solo de anuncios, sino de toda menci\u00f3n o referencia a la regi\u00f3n de Magallanes.<\/p>\n\n\n\n<p>Hubo una menci\u00f3n al proyecto de Fibra \u00d3ptica Austral, obra emblem\u00e1tica del Plan de zonas extremas de la Presidenta Bachelet, que por su alto costo, nada menos que 100 Millones de d\u00f3lares. Nunca hubiese sido priorizado por el actual gobernante. Sin embargo, como ya est\u00e1 concluyendo, no tuvo problemas para hacerlo pasar por suyo, cuando asisti\u00f3 en Puerto Montt a la llegada del cable submarino.<\/p>\n\n\n\n<p>Alguien me dijo hace poco: \u201cDejennos gobernar, no sean obstruccionistas, ayuden\u201d. Al menos en Magallanes, hemos dado pruebas fehacientes de nuestro \u00e1nimo constructivo. Dejamos una cartera de proyectos consolidada, y con financiamiento, en el plan de zonas extremas. Hemos apoyado la continuaci\u00f3n de estos proyectos, tanto con el&nbsp;&nbsp;primer intendente, con la segunda, y con el actual. El problema es que estos funcionarios han sido designados por un ejecutivo reacio a las regiones, y particularmente hostil a Magallanes.<\/p>\n\n\n\n<p>La elecci\u00f3n popular del gobernador regional, el pr\u00f3ximo a\u00f1o, es una oportunidad para un relanzamiento de nuestra agenda para el desarrollo. Magallanes necesita de un l\u00edder regional que no acate ciegamente cada insinuaci\u00f3n del poder central, y capaz de plantar cara al centralismo que nos agobia.<\/p>\n\n\n\n<p>El presidente, como le gusta, abund\u00f3 en su discurso en anuncios del mas variado tipo. Sin detenerse mucho en dar cuenta de lo que su administraci\u00f3n ha hecho durante este per\u00edodo. En una sucesi\u00f3n sin pausa, anunci\u00f3 rutas, aeropuertos, embalses, y obras de distinto tipo. Varias de las cuales, ya se encuentran inauguradas o en uso.<\/p>\n\n\n\n<p>Las magras cifras de crecimiento econ\u00f3mico, el alto desempleo, la cantidad de empresas cerradas en el \u00faltimo a\u00f1o, ni siquiera tuvieron un segundo de su atenci\u00f3n. Por momentos parec\u00eda un discurso de campa\u00f1a, por la cantidad de ofrecimientos, y cosas que se \u201cestar\u00edan evaluando\u201d, sin se\u00f1alar fechas de ejecuci\u00f3n.<\/p>\n\n\n\n<p>En materia de pensiones, lo que varios cre\u00edamos que iba a ser el inicio de un romance con la DC, fue mas bien un desaire. El presidente, Se\u00f1al\u00f3 que el famoso 4% de cotizaci\u00f3n adicional, de cargo del empleador, no ir\u00e1 a un \u201cente estatal\u201d, como habr\u00eda sido el pacto con la DC, para que aprobaran la idea de legislar. El presidente anunci\u00f3 que eso lo decidir\u00edan los cotizantes. Con lo que se abre el espacio para que esa platita, tambi\u00e9n vaya a parar a las fauces de las AFP. Apenas concluy\u00f3 el discurso, se dejaron o\u00edr las voces del presidente de la DC, que respond\u00eda al gobierno, con un \u201ccongelamiento de las relaciones\u201d. El diputado Soto, quien presid\u00eda la comisi\u00f3n de trabajo, y fue quitado del cargo por el PDC, por ser contrario al acuerdo con el gobierno,&nbsp;&nbsp;declar\u00f3 \u201cSe los dije\u201d, y a continuaci\u00f3n ofreci\u00f3 volver a la presidencia de la comisi\u00f3n de trabajo.<\/p>\n\n\n\n<p>En otras materias. En medio del aplauso de los parlamentarios de derecha, Pi\u00f1era&nbsp;anunci\u00f3 que reducir\u00eda el n\u00famero de parlamentarios, y que pondr\u00eda l\u00edmites a la re elecci\u00f3n. Lo ins\u00f3lito es que varios de los que aplaud\u00edan, est\u00e1n all\u00ed desde el a\u00f1o 1990, y con la propuesta de Pi\u00f1era, podr\u00edan jubilarse en el cargo. Ya que entrar\u00eda en vigencia el 2037. Varios para esa fecha estar\u00edan en mejor vida. Asimismo, viene con letra chica, ya que permitir\u00eda el cambio de distrito. Plop!<\/p>\n\n\n\n<p>En tanto, respecto a la reducci\u00f3n del n\u00famero de parlamentarios, aplauso cerrado en la derecha. Ser\u00eda el virtual regreso del binominal, y se asegura la elecci\u00f3n de un parlamentario por bloque. Seria la vuelta a los a\u00f1os 90.<\/p>\n\n\n\n<p>Existe una especie de a\u00f1oranza por esa \u00e9poca. La derecha y los sectores mas conservadores de la oposici\u00f3n, parece desear el regreso de aquellos a\u00f1os.<\/p>\n\n\n\n<p>El presidente hizo&nbsp;&nbsp;llamados al dialogo, a lograr acuerdos, sin embargo, insiste en tratar de antipatriotas, a quienes se oponen a su agenda de regresi\u00f3n social.<\/p>\n\n\n\n<p>La pol\u00edtica de los acuerdos de los a\u00f1os 90, s\u00f3lo puede entenderse en un escenario de una democracia, restringida por lo enclaves de la dictadura, el dictador como comandante en jefe, senadores designados, sistema binominal, qu\u00f3rum imposibles para efectuar reformas. La pol\u00edtica de los acuerdos, fue una necesidad para que los sucesivos gobiernos de centro izquierda, pudieran realizar t\u00edmidos avances.<\/p>\n\n\n\n<p>No estamos en el mismo escenario. Las fuerzas pol\u00edticas se han medido por primera vez, sin sistema electoral binominal, y la derecha perdi\u00f3 esas elecciones. Esto obliga al ejecutivo a establecer un dialogo sincero y realista con la oposici\u00f3n. Pretender que se le van a otorgar cada vez, los votos para aprobar iniciativas que constituyen un retroceso para el progreso social, es desconocer la historia.<\/p>\n\n\n\n<p>Ni estamos en los 90, ni el presidente tiene en su gabinete a pol\u00edticos avezados como a don Edgardo Boeninger QEPD o&nbsp;&nbsp;a Belisario Velasco. Con minor\u00eda parlamentaria, el gobierno debe respetar a esa mayor\u00eda del pa\u00eds que rechaz\u00f3 su propuesta, y debe abrirse a un dialogo constructivo.<\/p>\n\n\n\n<p>La necesidad de conocer nuestra historia, para no cometer los errores del pasado, nos salt\u00f3 a la cara&nbsp;&nbsp;esta semana. Todos nos enteramos de una iniciativa que pretende hacer optativo la asignatura de Historia y las clases de educaci\u00f3n f\u00edsica, para alumnos de 3\u00b0 y 4\u00b0 medios.&nbsp;&nbsp;Es lo mas violento que se ha hecho contra nuestra cultura, y contra los fundamentos mismos de nuestra vida en sociedad, de nuestra vida democr\u00e1tica.<\/p>\n\n\n\n<p>En tiempos donde se nos dice que deberemos adaptarnos. Que cientos de miles de empleos se perder\u00e1n, por el avance de a rob\u00f3tica y del Internet de las cosas. En tiempos donde enfrentaremos una larga vejez, probablemente en medio de la pobreza. Quitar a nuestros&nbsp;&nbsp;ni\u00f1os y j\u00f3venes el estudio de la historia, es entregarlos sin elementos de juicio, sin puntos de comparaci\u00f3n, a un sistema que los clasificar\u00e1 para los trabajos que la econom\u00eda necesita.<\/p>\n\n\n\n<p>El pensamiento cr\u00edtico, las ideas pol\u00edticas, nuevas formas de organizarnos en sociedad, entran en contradicci\u00f3n, en este momento en Chile. Detr\u00e1s de la postura que adoptemos cada uno de nosotros, depender\u00e1 el futuro de nuestros hijos y nietos.<\/p>\n\n\n\n<p>Cambios vertiginosos se avecinan, la mejor forma de estar preparados, es estar organizados, la vida comunitaria, se opone radicalmente, al individualismo imperante. Para el cual solo somos un RUT m\u00e1s, una tecla m\u00e1s que presionar. Unidos podemos hacer que lo cambios que se avecinan, no destruyan nuestra forma de vida, ni nuestra forma de relacionarnos.<\/p>\n\n\n\n<p>Punta Arenas, Lunes 3 de junio de 2019<\/p>\n\n\n\n<figure class=\"wp-block-image\"><img loading=\"lazy\" decoding=\"async\" width=\"1024\" height=\"768\" src=\"http:\/\/www.radiopresidenteibanez.cl\/web\/wp-content\/uploads\/2019\/03\/IMG-20190310-WA0014-1024x768.jpg\" alt=\"\" class=\"wp-image-2310\" srcset=\"https:\/\/www.radiopresidenteibanez.cl\/web\/wp-content\/uploads\/2019\/03\/IMG-20190310-WA0014.jpg 1024w, https:\/\/www.radiopresidenteibanez.cl\/web\/wp-content\/uploads\/2019\/03\/IMG-20190310-WA0014-300x225.jpg 300w, https:\/\/www.radiopresidenteibanez.cl\/web\/wp-content\/uploads\/2019\/03\/IMG-20190310-WA0014-768x576.jpg 768w\" sizes=\"auto, (max-width: 1024px) 100vw, 1024px\" \/><\/figure>\n","protected":false},"excerpt":{"rendered":"<p>Concluimos la semana con la cuenta a la naci\u00f3n del presidente Pi\u00f1era. En medio de un operativo de seguridad in\u00e9dito, que incluy\u00f3 cambio de hora del discurso, el cierre de&#8230; <a class=\"read-more\" href=\"https:\/\/www.radiopresidenteibanez.cl\/web\/la-cuenta-que-nos-cuentan-por-ernesto-sepulveda\/\">Leer m\u00e1s<\/a><\/p>\n","protected":false},"author":2,"featured_media":2310,"comment_status":"closed","ping_status":"closed","sticky":false,"template":"","format":"standard","meta":{"footnotes":""},"categories":[1],"tags":[],"class_list":["post-4710","post","type-post","status-publish","format-standard","has-post-thumbnail","hentry","category-cronica"],"_links":{"self":[{"href":"https:\/\/www.radiopresidenteibanez.cl\/web\/wp-json\/wp\/v2\/posts\/4710","targetHints":{"allow":["GET"]}}],"collection":[{"href":"https:\/\/www.radiopresidenteibanez.cl\/web\/wp-json\/wp\/v2\/posts"}],"about":[{"href":"https:\/\/www.radiopresidenteibanez.cl\/web\/wp-json\/wp\/v2\/types\/post"}],"author":[{"embeddable":true,"href":"https:\/\/www.radiopresidenteibanez.cl\/web\/wp-json\/wp\/v2\/users\/2"}],"replies":[{"embeddable":true,"href":"https:\/\/www.radiopresidenteibanez.cl\/web\/wp-json\/wp\/v2\/comments?post=4710"}],"version-history":[{"count":0,"href":"https:\/\/www.radiopresidenteibanez.cl\/web\/wp-json\/wp\/v2\/posts\/4710\/revisions"}],"wp:featuredmedia":[{"embeddable":true,"href":"https:\/\/www.radiopresidenteibanez.cl\/web\/wp-json\/wp\/v2\/media\/2310"}],"wp:attachment":[{"href":"https:\/\/www.radiopresidenteibanez.cl\/web\/wp-json\/wp\/v2\/media?parent=4710"}],"wp:term":[{"taxonomy":"category","embeddable":true,"href":"https:\/\/www.radiopresidenteibanez.cl\/web\/wp-json\/wp\/v2\/categories?post=4710"},{"taxonomy":"post_tag","embeddable":true,"href":"https:\/\/www.radiopresidenteibanez.cl\/web\/wp-json\/wp\/v2\/tags?post=4710"}],"curies":[{"name":"wp","href":"https:\/\/api.w.org\/{rel}","templated":true}]}}