{"id":47078,"date":"2024-03-16T15:20:00","date_gmt":"2024-03-16T18:20:00","guid":{"rendered":"https:\/\/www.radiopresidenteibanez.cl\/web\/?p=47078"},"modified":"2024-03-16T09:43:16","modified_gmt":"2024-03-16T12:43:16","slug":"trece-jovenes-licenciados-del-instituto-don-bosco-se-certificaron-como-instaladores-electricos","status":"publish","type":"post","link":"https:\/\/www.radiopresidenteibanez.cl\/web\/trece-jovenes-licenciados-del-instituto-don-bosco-se-certificaron-como-instaladores-electricos\/","title":{"rendered":"TRECE JOVENES LICENCIADOS DEL INSTITUTO DON BOSCO SE CERTIFICARON COMO INSTALADORES ELECTRICOS"},"content":{"rendered":"\n<p>Gracias al apoyo de empresas socias de la C\u00e1mara Chilena de la Construcci\u00f3n (CChC) Magallanes, trece estudiantes del Instituto Don Bosco obtuvieron la Certificaci\u00f3n de Instalador El\u00e9ctrico clase D, a trav\u00e9s de ChileValora.<\/p>\n\n\n\n<p>Con el financiamiento de Constructora Salfa a trav\u00e9s de franquicia tributaria y el aporte de materiales de las empresas Methanex e Ingelev y de la CChC Magallanes, estudiantes del Instituto Don Bosco fueron evaluados en sus conocimientos y habilidades y se convirtieron en instaladores el\u00e9ctricos certificados a trav\u00e9s de ChileValora.<\/p>\n\n\n\n<p>\u201cEstamos muy contentos de poder integrar a m\u00e1s personas a nuestro sector de la construcci\u00f3n. Esta acci\u00f3n cobra a\u00fan m\u00e1s relevancia porque son j\u00f3venes, reci\u00e9n licenciados de Ense\u00f1anza Media, quienes hoy se transforman en trabajadores certificados, en el \u00e1rea de electricidad. Como C\u00e1mara regional buscamos capacitar a personas en oficios de la construcci\u00f3n, para que tengan la oportunidad de obtener un empleo en nuestro rubro y por eso esta alianza es tan positiva\u201d, describi\u00f3 Omar Vargas, presidente de la CChC Magallanes.<\/p>\n\n\n\n<p>El proceso de evaluaci\u00f3n se realiz\u00f3 a fines de diciembre 2023 y const\u00f3 de una prueba te\u00f3rica y una parte pr\u00e1ctica ejecutada por el Centro de Certificaci\u00f3n de Competencias Laborales Simoc, instancia en la que se revis\u00f3 si los estudiantes pod\u00edan realizar instalaciones el\u00e9ctricas de acuerdo a normativa de la Superintendencia de Electricidad y Combustibles (SEC).<\/p>\n\n\n\n<p>\u201cEste proyecto pionero en la regi\u00f3n de Magallanes nace en 2023, gracias al apoyo de CChC que decide financiar el proceso de certificaci\u00f3n de competencias laborales de ChileValora, que vincula la educaci\u00f3n t\u00e9cnico profesional con las necesidades reales de mano de obra calificada en nuestra regi\u00f3n. El perfil evaluado es un perfil habilitante Instalador(a) El\u00e9ctrico Clase D, que permite tener acceso a la credencial que entrega la SEC. Por lo tanto, la importancia tiene un sentido mucho m\u00e1s amplio ya que permitir\u00e1 que los egresados del instituto don Bosco tengan m\u00e1s y mejores posibilidades en el \u00e1mbito laboral\u201d, explic\u00f3 Marilyn C\u00e1rdenas, Coordinadora Regional ChileValora en Magallanes.<\/p>\n\n\n\n<p>\u201cPor primera vez en la historia del Don Bosco tenemos una generaci\u00f3n que ha salido certificada como electricistas reconocidos por SEC. Est\u00e1n partiendo su vida laboral y ya est\u00e1n certificados, por lo que felicito esta asociaci\u00f3n virtuosa entre la C\u00e1mara Chilena de la Construcci\u00f3n y Chile Valora\u201d, indic\u00f3 Jorge Flies, Gobernador Regional.<\/p>\n\n\n\n<p>Por su parte, Claudio Radonich, alcalde de Punta Arenas, destac\u00f3 la formaci\u00f3n hist\u00f3rica del Instituto Don Bosco de t\u00e9cnicos y profesionales y coment\u00f3 que \u201choy cada vez m\u00e1s son necesarias las certificaciones, por eso este hito es tan importante, sobre todo para las empresas que est\u00e1n buscando trabajadores. Aplaudo que estos chicos j\u00f3venes hayan optado por estudiar m\u00e1s, por esforzarse, y ahora tienen el aval del Estado que indica que ser\u00e1n grandes t\u00e9cnicos, grandes profesionales\u201d.<\/p>\n\n\n\n<p><strong>Impulso a la empleabilidad<\/strong><\/p>\n\n\n\n<p>Los instaladores el\u00e9ctricos clase D pueden desempe\u00f1arse en instalaciones de alumbrado en baja tensi\u00f3n con un m\u00e1ximo de 10 kw de potencia total instalada sin alimentadores (tipo f) y en instalaciones de calefacci\u00f3n y fuerza motriz en baja tensi\u00f3n con un m\u00e1ximo de 5 kw de potencia total instalada, sin alimentadores instalaciones el\u00e9ctricas, de gasfiter\u00eda y climatizaci\u00f3n (tipo g).<\/p>\n\n\n\n<p>La Seremi del Trabajo, Doris Sandoval Miranda, estuvo presente en la ceremonia y asegur\u00f3 que \u201cestos 13 j\u00f3venes que egresan de la ense\u00f1anza media del Instituto Don Bosco con esta certificaci\u00f3n de competencias otorgada por ChileValora y por las empresas de la C\u00e1mara Chilena de la Construcci\u00f3n, lo hacen con una herramienta valios\u00edsima para sus vidas laborales que reci\u00e9n inician. Un plus que, sin duda, les permitir\u00e1 abrirse paso a las oportunidades que buscan y que sue\u00f1an\u201d.<\/p>\n\n\n\n<p>En la misma l\u00ednea, Enrique Hern\u00e1ndez Rojas, coordinador del \u00e1rea t\u00e9cnico profesional del Instituto Don Bosco, se\u00f1al\u00f3 que \u201cestamos felices porque esto es un gran hito para nosotros porque por muchos a\u00f1os intentamos que esto ocurriera, pero no hab\u00eda sido posible. Hoy, gracias al apoyo de ChileValora, la C\u00e1mara Chilena de la Construcci\u00f3n y sus empresas, logramos que se pudiera hacer efectivo. Es muy importante porque les permite iniciar el mundo laboral con mejores herramientas. Es un incentivo para todos los estudiantes ac\u00e1 en el colegio, est\u00e1n todos pendientes de este proceso\u201d.<\/p>\n\n\n\n<p>Erick G\u00f3mez, gerente general de INGELEV Soluciones Energ\u00e9ticas, una de las empresas que aport\u00f3 con materiales para el proceso de evaluaci\u00f3n y posterior certificaci\u00f3n, apunt\u00f3 que \u201cnosotros como empresa el\u00e9ctrica siempre estamos buscando gente especializada, porque las competencias laborales certificadas son muy importantes. Valoramos esta certificaci\u00f3n porque nuestros mandantes, las empresas que nos contratan, nos piden que las personas que trabajen con nosotros tengan este tipo de certificaciones\u201d.<\/p>\n\n\n\n<p>Lucas P\u00e9rez, uno de los trece alumnos certificados, dijo que \u201cesta oportunidad es bastante importante como especialidad de electricidad y nos sirve mucho para desempe\u00f1arnos en la construcci\u00f3n\u201d. A su vez, su compa\u00f1ero Felipe D\u00edaz, cont\u00f3 que \u201cme siento muy contento por haber obtenido este logro que me permite mostrar mis habilidades y conocimientos en la electricidad\u201d.<\/p>\n","protected":false},"excerpt":{"rendered":"<p>Gracias al apoyo de empresas socias de la C\u00e1mara Chilena de la Construcci\u00f3n (CChC) Magallanes, trece estudiantes del Instituto Don Bosco obtuvieron la Certificaci\u00f3n de Instalador El\u00e9ctrico clase D, a&#8230; <a class=\"read-more\" href=\"https:\/\/www.radiopresidenteibanez.cl\/web\/trece-jovenes-licenciados-del-instituto-don-bosco-se-certificaron-como-instaladores-electricos\/\">Leer m\u00e1s<\/a><\/p>\n","protected":false},"author":2,"featured_media":47079,"comment_status":"closed","ping_status":"closed","sticky":false,"template":"","format":"standard","meta":{"footnotes":""},"categories":[1],"tags":[],"class_list":["post-47078","post","type-post","status-publish","format-standard","has-post-thumbnail","hentry","category-cronica"],"_links":{"self":[{"href":"https:\/\/www.radiopresidenteibanez.cl\/web\/wp-json\/wp\/v2\/posts\/47078","targetHints":{"allow":["GET"]}}],"collection":[{"href":"https:\/\/www.radiopresidenteibanez.cl\/web\/wp-json\/wp\/v2\/posts"}],"about":[{"href":"https:\/\/www.radiopresidenteibanez.cl\/web\/wp-json\/wp\/v2\/types\/post"}],"author":[{"embeddable":true,"href":"https:\/\/www.radiopresidenteibanez.cl\/web\/wp-json\/wp\/v2\/users\/2"}],"replies":[{"embeddable":true,"href":"https:\/\/www.radiopresidenteibanez.cl\/web\/wp-json\/wp\/v2\/comments?post=47078"}],"version-history":[{"count":0,"href":"https:\/\/www.radiopresidenteibanez.cl\/web\/wp-json\/wp\/v2\/posts\/47078\/revisions"}],"wp:featuredmedia":[{"embeddable":true,"href":"https:\/\/www.radiopresidenteibanez.cl\/web\/wp-json\/wp\/v2\/media\/47079"}],"wp:attachment":[{"href":"https:\/\/www.radiopresidenteibanez.cl\/web\/wp-json\/wp\/v2\/media?parent=47078"}],"wp:term":[{"taxonomy":"category","embeddable":true,"href":"https:\/\/www.radiopresidenteibanez.cl\/web\/wp-json\/wp\/v2\/categories?post=47078"},{"taxonomy":"post_tag","embeddable":true,"href":"https:\/\/www.radiopresidenteibanez.cl\/web\/wp-json\/wp\/v2\/tags?post=47078"}],"curies":[{"name":"wp","href":"https:\/\/api.w.org\/{rel}","templated":true}]}}