{"id":4707,"date":"2019-06-03T13:23:39","date_gmt":"2019-06-03T13:23:39","guid":{"rendered":"http:\/\/www.radiopresidenteibanez.cl\/web\/?p=4707"},"modified":"2019-06-03T13:23:58","modified_gmt":"2019-06-03T13:23:58","slug":"no-exento-de-polemica-este-martes-se-realizara-ceremonia-de-nombramiento-de-los-embajadores-de-los-500-anos-del-estrecho-de-magallanes","status":"publish","type":"post","link":"https:\/\/www.radiopresidenteibanez.cl\/web\/no-exento-de-polemica-este-martes-se-realizara-ceremonia-de-nombramiento-de-los-embajadores-de-los-500-anos-del-estrecho-de-magallanes\/","title":{"rendered":"NO EXENTO DE POL\u00c9MICA, ESTE MARTES SE REALIZAR\u00c1 CEREMONIA DE NOMBRAMIENTO DE LOS EMBAJADORES DE LOS 500 A\u00d1OS DEL ESTRECHO DE MAGALLANES"},"content":{"rendered":"\n<p>Este martes a partir de las 19:00 horas en dependencias del\nCentro Cultural de Punta Arenas, se realizar\u00e1 una ceremonia de nombramiento de\nlos \u201cEmbajadores de los 500 a\u00f1os del Estrecho de Magallanes\u201d, ciudadanos y\nciudadanas que se han destacado en diferentes \u00e1reas, como, deporte, cultura,\nciencias, comunicaciones, entre otros, pero esta actividad no est\u00e1 exenta de\npol\u00e9micas.<\/p>\n\n\n\n<p>Lo anterior debido a que varios concejales se habr\u00edan\nenterado de dichos nombramientos por la prensa o por cercanos a ellos, pero no directamente\npor la m\u00e1xima autoridad comunal, ni siquiera de como se eligieron las personas\nque ser\u00e1n las y los embajadores de Magallanes, en conmemoraci\u00f3n del\nDescubrimiento del Estrecho.<\/p>\n\n\n\n<p>En este sentido el concejal de Punta Arenas, Jos\u00e9 Aguilante\nmanifest\u00f3 que \u201cyo me enter\u00e9 por una concejala de dicha situaci\u00f3n, pero a ella\ntampoco se le hab\u00eda invitado o por lo menos comentado quienes ser\u00e1n los\nembajadores, no estoy en contra de quienes ser\u00e1n elegidos, pero m\u00ednimo el\nalcalde podr\u00eda haber avisado\u201d.<\/p>\n\n\n\n<p>\u201cClaudio Radonich Jim\u00e9nez, alcalde de la Ilustre\nMunicipalidad de Punta Arenas y concejo municipal\u201d, comienza diciendo la\ninvitaci\u00f3n hecha llegar desde el municipio local, lo cual dej\u00f3 algunos\nconcejales con la pregunta \u00bfPor qu\u00e9 nadie nos avis\u00f3? y \u00bfQui\u00e9nes son los\nembajadores o como se eligieron?<\/p>\n\n\n\n<p>Finalmente, al ser consultado con otros concejales, tampoco hab\u00edan recibido la invitaci\u00f3n al cierre de esta edici\u00f3n y tambi\u00e9n desconoc\u00edan el como se eligieron las y los embajadores de cara a la conmemoraci\u00f3n del Descubrimiento del Estrecho de Magallanes.<\/p>\n\n\n\n<figure class=\"wp-block-image\"><img loading=\"lazy\" decoding=\"async\" width=\"900\" height=\"600\" src=\"http:\/\/www.radiopresidenteibanez.cl\/web\/wp-content\/uploads\/2019\/06\/monumento-500-anos-descubrimie.jpg\" alt=\"\" class=\"wp-image-4708\" srcset=\"https:\/\/www.radiopresidenteibanez.cl\/web\/wp-content\/uploads\/2019\/06\/monumento-500-anos-descubrimie.jpg 900w, https:\/\/www.radiopresidenteibanez.cl\/web\/wp-content\/uploads\/2019\/06\/monumento-500-anos-descubrimie-300x200.jpg 300w, https:\/\/www.radiopresidenteibanez.cl\/web\/wp-content\/uploads\/2019\/06\/monumento-500-anos-descubrimie-768x512.jpg 768w\" sizes=\"auto, (max-width: 900px) 100vw, 900px\" \/><figcaption>PH: tripadvisor<\/figcaption><\/figure>\n","protected":false},"excerpt":{"rendered":"<p>Este martes a partir de las 19:00 horas en dependencias del Centro Cultural de Punta Arenas, se realizar\u00e1 una ceremonia de nombramiento de los \u201cEmbajadores de los 500 a\u00f1os del&#8230; <a class=\"read-more\" href=\"https:\/\/www.radiopresidenteibanez.cl\/web\/no-exento-de-polemica-este-martes-se-realizara-ceremonia-de-nombramiento-de-los-embajadores-de-los-500-anos-del-estrecho-de-magallanes\/\">Leer m\u00e1s<\/a><\/p>\n","protected":false},"author":2,"featured_media":4708,"comment_status":"closed","ping_status":"closed","sticky":false,"template":"","format":"standard","meta":{"footnotes":""},"categories":[1],"tags":[],"class_list":["post-4707","post","type-post","status-publish","format-standard","has-post-thumbnail","hentry","category-cronica"],"_links":{"self":[{"href":"https:\/\/www.radiopresidenteibanez.cl\/web\/wp-json\/wp\/v2\/posts\/4707","targetHints":{"allow":["GET"]}}],"collection":[{"href":"https:\/\/www.radiopresidenteibanez.cl\/web\/wp-json\/wp\/v2\/posts"}],"about":[{"href":"https:\/\/www.radiopresidenteibanez.cl\/web\/wp-json\/wp\/v2\/types\/post"}],"author":[{"embeddable":true,"href":"https:\/\/www.radiopresidenteibanez.cl\/web\/wp-json\/wp\/v2\/users\/2"}],"replies":[{"embeddable":true,"href":"https:\/\/www.radiopresidenteibanez.cl\/web\/wp-json\/wp\/v2\/comments?post=4707"}],"version-history":[{"count":0,"href":"https:\/\/www.radiopresidenteibanez.cl\/web\/wp-json\/wp\/v2\/posts\/4707\/revisions"}],"wp:featuredmedia":[{"embeddable":true,"href":"https:\/\/www.radiopresidenteibanez.cl\/web\/wp-json\/wp\/v2\/media\/4708"}],"wp:attachment":[{"href":"https:\/\/www.radiopresidenteibanez.cl\/web\/wp-json\/wp\/v2\/media?parent=4707"}],"wp:term":[{"taxonomy":"category","embeddable":true,"href":"https:\/\/www.radiopresidenteibanez.cl\/web\/wp-json\/wp\/v2\/categories?post=4707"},{"taxonomy":"post_tag","embeddable":true,"href":"https:\/\/www.radiopresidenteibanez.cl\/web\/wp-json\/wp\/v2\/tags?post=4707"}],"curies":[{"name":"wp","href":"https:\/\/api.w.org\/{rel}","templated":true}]}}