{"id":47052,"date":"2024-03-15T11:33:00","date_gmt":"2024-03-15T14:33:00","guid":{"rendered":"https:\/\/www.radiopresidenteibanez.cl\/web\/?p=47052"},"modified":"2024-03-15T09:37:10","modified_gmt":"2024-03-15T12:37:10","slug":"equipo-conjunto-de-investigacion-de-crimen-organizado-en-la-patagonia-chileno-argentina-se-reune-en-rio-gallegos","status":"publish","type":"post","link":"https:\/\/www.radiopresidenteibanez.cl\/web\/equipo-conjunto-de-investigacion-de-crimen-organizado-en-la-patagonia-chileno-argentina-se-reune-en-rio-gallegos\/","title":{"rendered":"EQUIPO CONJUNTO DE INVESTIGACION DE CRIMEN ORGANIZADO EN LA PATAGONIA CHILENO-ARGENTINA SE REUNE EN RIO GALLEGOS"},"content":{"rendered":"\n<p>El Fiscal Regional Cristi\u00e1n Crisosto, acompa\u00f1ado de Fiscales y abogados que componen el equipo conjunto de Investigaci\u00f3n (ECI) de Magallanes y de la Ant\u00e1rtica Chilena, viajaron a la ciudad de Rio Gallegos, para reunirse con sus pares del Ministerio P\u00fablico de la Naci\u00f3n Argentina, en un esfuerzo por combatir el crimen transnacional en la regi\u00f3n de la Patagonia, abordando espec\u00edficamente, las complejas investigaciones en curso vinculadas a contrabando, tr\u00e1fico de drogas, lavado de activos, trata de personas y\/o tr\u00e1fico migratorio en ambos lados de la frontera.<\/p>\n\n\n\n<p>Durante el encuentro, se evalu\u00f3 el progreso de las investigaciones en contexto ECI y se delinearon estrategias conjuntas para avanzar en los casos. Adem\u00e1s, se establecieron pautas para el intercambio de pruebas y se acordaron acciones futuras.<\/p>\n\n\n\n<p>Cabe indicar que esta colaboraci\u00f3n internacional demuestra el compromiso de Argentina y Chile en la lucha contra el crimen organizado, trabajando juntos para asegurar la seguridad en la Patagonia.<\/p>\n\n\n\n<p>Por el Ministerio Publico Fiscal de la Naci\u00f3n Argentina participaron el Fiscal Federal de R\u00edo Gallegos, Julio Z\u00e1rate, la Fiscal General de Comodoro Rivadavia, Ver\u00f3nica Escribano. En tanto, por Chile, el fiscal regional Cristi\u00e1n Crisosto; la Jefa de Asesor\u00eda Jur\u00eddica, Camila Fern\u00e1ndez; el Fiscal de Crimen Organizado, Manuel Soto y la abogada de la Unidad de Asesor\u00eda Jur\u00eddica de la Fiscal\u00eda Regional, Lorena Pereira.<\/p>\n","protected":false},"excerpt":{"rendered":"<p>El Fiscal Regional Cristi\u00e1n Crisosto, acompa\u00f1ado de Fiscales y abogados que componen el equipo conjunto de Investigaci\u00f3n (ECI) de Magallanes y de la Ant\u00e1rtica Chilena, viajaron a la ciudad de&#8230; <a class=\"read-more\" href=\"https:\/\/www.radiopresidenteibanez.cl\/web\/equipo-conjunto-de-investigacion-de-crimen-organizado-en-la-patagonia-chileno-argentina-se-reune-en-rio-gallegos\/\">Leer m\u00e1s<\/a><\/p>\n","protected":false},"author":2,"featured_media":47053,"comment_status":"closed","ping_status":"closed","sticky":false,"template":"","format":"standard","meta":{"footnotes":""},"categories":[1],"tags":[],"class_list":["post-47052","post","type-post","status-publish","format-standard","has-post-thumbnail","hentry","category-cronica"],"_links":{"self":[{"href":"https:\/\/www.radiopresidenteibanez.cl\/web\/wp-json\/wp\/v2\/posts\/47052","targetHints":{"allow":["GET"]}}],"collection":[{"href":"https:\/\/www.radiopresidenteibanez.cl\/web\/wp-json\/wp\/v2\/posts"}],"about":[{"href":"https:\/\/www.radiopresidenteibanez.cl\/web\/wp-json\/wp\/v2\/types\/post"}],"author":[{"embeddable":true,"href":"https:\/\/www.radiopresidenteibanez.cl\/web\/wp-json\/wp\/v2\/users\/2"}],"replies":[{"embeddable":true,"href":"https:\/\/www.radiopresidenteibanez.cl\/web\/wp-json\/wp\/v2\/comments?post=47052"}],"version-history":[{"count":0,"href":"https:\/\/www.radiopresidenteibanez.cl\/web\/wp-json\/wp\/v2\/posts\/47052\/revisions"}],"wp:featuredmedia":[{"embeddable":true,"href":"https:\/\/www.radiopresidenteibanez.cl\/web\/wp-json\/wp\/v2\/media\/47053"}],"wp:attachment":[{"href":"https:\/\/www.radiopresidenteibanez.cl\/web\/wp-json\/wp\/v2\/media?parent=47052"}],"wp:term":[{"taxonomy":"category","embeddable":true,"href":"https:\/\/www.radiopresidenteibanez.cl\/web\/wp-json\/wp\/v2\/categories?post=47052"},{"taxonomy":"post_tag","embeddable":true,"href":"https:\/\/www.radiopresidenteibanez.cl\/web\/wp-json\/wp\/v2\/tags?post=47052"}],"curies":[{"name":"wp","href":"https:\/\/api.w.org\/{rel}","templated":true}]}}