{"id":4705,"date":"2019-06-03T13:19:06","date_gmt":"2019-06-03T13:19:06","guid":{"rendered":"http:\/\/www.radiopresidenteibanez.cl\/web\/?p=4705"},"modified":"2019-06-03T13:19:40","modified_gmt":"2019-06-03T13:19:40","slug":"ministerio-de-ciudad-vivienda-y-territorio-la-nueva-cartera-que-fue-anunciada-por-sebastian-pinera-en-su-cuenta-publica","status":"publish","type":"post","link":"https:\/\/www.radiopresidenteibanez.cl\/web\/ministerio-de-ciudad-vivienda-y-territorio-la-nueva-cartera-que-fue-anunciada-por-sebastian-pinera-en-su-cuenta-publica\/","title":{"rendered":"MINISTERIO DE CIUDAD, VIVIENDA Y TERRITORIO LA NUEVA CARTERA QUE FUE ANUNCIADA POR SEBASTI\u00c1N PI\u00d1ERA EN SU CUENTA P\u00daBLICA"},"content":{"rendered":"\n<p>Cuando muchos pensaban que no habr\u00eda mayores sorpresas\ndurante la cuenta p\u00fablica del presidente Sebasti\u00e1n Pi\u00f1era, anuncio que se\ncrear\u00e1 un nuevo ministerio el que llevar\u00e1 por nombre \u201cCiudad, Vivienda y\nTerritorio\u201d el cual fusionar\u00e1 las actuales carteras de Vivienda y Bienes\nNacionales, ahora la duda que muchos ser\u00e1 quien tomar\u00e1 el cargo de ministro si\nCristi\u00e1n Monckeberg o Felipe Ward, y la seremia en la regi\u00f3n de Magallanes,\nJos\u00e9 Miguel Horcos o Francisca Rojas.<\/p>\n\n\n\n<p>Lo que busca el mandatario con este nuevo ministerio es poder\ncrear un mayor nivel de integraci\u00f3n social, as\u00ed tambi\u00e9n reducir los campamentos\ny facilitar el acceso a las distintas zonas urbanas de las ciudades.<\/p>\n\n\n\n<p>En este sentido el Secretario Regional Ministerial de\nVivienda y Urbanismo, Jos\u00e9 Miguel Horcos, expres\u00f3 que \u201ces una buena iniciativa\nen la que se esta trabajando, quiz\u00e1s a fin de a\u00f1o tengamos novedades con la\naplicaci\u00f3n de este nuevo ministerio, la idea es trabajar a favor de la\ncomunidad, como nos solicit\u00f3 el presidente\u201d.<\/p>\n\n\n\n<p>Cabe mencionar que la idea de fusionar ambos ministerios\nven\u00eda desde el mes de enero del 2014, pero luego de asumir el Gobierno de ex\npresidenta Michelle Bachelet, esta quedo obsoleta.<\/p>\n\n\n\n<p>Ministerio de Vivienda y Urbanismo y Bienes Nacionales no ser\u00edan las \u00fanicas afectadas con estas fusiones ya que el Ministerio de Agricultura y la Subsecretaria de Pesca, podr\u00edan ser la nueva cartera de Agricultura, Alimentos y Pesca.<\/p>\n\n\n\n<figure class=\"wp-block-image\"><img loading=\"lazy\" decoding=\"async\" width=\"1000\" height=\"530\" src=\"http:\/\/www.radiopresidenteibanez.cl\/web\/wp-content\/uploads\/2019\/01\/559879_1.jpg\" alt=\"\" class=\"wp-image-385\" srcset=\"https:\/\/www.radiopresidenteibanez.cl\/web\/wp-content\/uploads\/2019\/01\/559879_1.jpg 1000w, https:\/\/www.radiopresidenteibanez.cl\/web\/wp-content\/uploads\/2019\/01\/559879_1-300x159.jpg 300w, https:\/\/www.radiopresidenteibanez.cl\/web\/wp-content\/uploads\/2019\/01\/559879_1-768x407.jpg 768w\" sizes=\"auto, (max-width: 1000px) 100vw, 1000px\" \/><\/figure>\n","protected":false},"excerpt":{"rendered":"<p>Cuando muchos pensaban que no habr\u00eda mayores sorpresas durante la cuenta p\u00fablica del presidente Sebasti\u00e1n Pi\u00f1era, anuncio que se crear\u00e1 un nuevo ministerio el que llevar\u00e1 por nombre \u201cCiudad, Vivienda&#8230; <a class=\"read-more\" href=\"https:\/\/www.radiopresidenteibanez.cl\/web\/ministerio-de-ciudad-vivienda-y-territorio-la-nueva-cartera-que-fue-anunciada-por-sebastian-pinera-en-su-cuenta-publica\/\">Leer m\u00e1s<\/a><\/p>\n","protected":false},"author":2,"featured_media":385,"comment_status":"closed","ping_status":"closed","sticky":false,"template":"","format":"standard","meta":{"footnotes":""},"categories":[5],"tags":[],"class_list":["post-4705","post","type-post","status-publish","format-standard","has-post-thumbnail","hentry","category-politica"],"_links":{"self":[{"href":"https:\/\/www.radiopresidenteibanez.cl\/web\/wp-json\/wp\/v2\/posts\/4705","targetHints":{"allow":["GET"]}}],"collection":[{"href":"https:\/\/www.radiopresidenteibanez.cl\/web\/wp-json\/wp\/v2\/posts"}],"about":[{"href":"https:\/\/www.radiopresidenteibanez.cl\/web\/wp-json\/wp\/v2\/types\/post"}],"author":[{"embeddable":true,"href":"https:\/\/www.radiopresidenteibanez.cl\/web\/wp-json\/wp\/v2\/users\/2"}],"replies":[{"embeddable":true,"href":"https:\/\/www.radiopresidenteibanez.cl\/web\/wp-json\/wp\/v2\/comments?post=4705"}],"version-history":[{"count":0,"href":"https:\/\/www.radiopresidenteibanez.cl\/web\/wp-json\/wp\/v2\/posts\/4705\/revisions"}],"wp:featuredmedia":[{"embeddable":true,"href":"https:\/\/www.radiopresidenteibanez.cl\/web\/wp-json\/wp\/v2\/media\/385"}],"wp:attachment":[{"href":"https:\/\/www.radiopresidenteibanez.cl\/web\/wp-json\/wp\/v2\/media?parent=4705"}],"wp:term":[{"taxonomy":"category","embeddable":true,"href":"https:\/\/www.radiopresidenteibanez.cl\/web\/wp-json\/wp\/v2\/categories?post=4705"},{"taxonomy":"post_tag","embeddable":true,"href":"https:\/\/www.radiopresidenteibanez.cl\/web\/wp-json\/wp\/v2\/tags?post=4705"}],"curies":[{"name":"wp","href":"https:\/\/api.w.org\/{rel}","templated":true}]}}