{"id":47049,"date":"2024-03-15T10:37:00","date_gmt":"2024-03-15T13:37:00","guid":{"rendered":"https:\/\/www.radiopresidenteibanez.cl\/web\/?p=47049"},"modified":"2024-03-15T08:38:37","modified_gmt":"2024-03-15T11:38:37","slug":"seremi-de-transportes-y-telecomunicaciones-hace-proyeccion-de-los-proximos-2-anos","status":"publish","type":"post","link":"https:\/\/www.radiopresidenteibanez.cl\/web\/seremi-de-transportes-y-telecomunicaciones-hace-proyeccion-de-los-proximos-2-anos\/","title":{"rendered":"SEREMI DE TRANSPORTES Y TELECOMUNICACIONES HACE PROYECCION DE LOS PROXIMOS 2 A\u00d1OS"},"content":{"rendered":"\n<p>\u201cEste es el momento de analizar los avances logrados y proyectar el cumplimiento de nuestros pr\u00f3ximos<br>desaf\u00edos\u201d se\u00f1al\u00f3 el seremi de Transportes y Telecomunicaciones Rodrigo Hern\u00e1ndez al cumplirse la mitad<br>del periodo de gobierno del Presidente Gabriel Boric. \u201cSin duda estos han sido dos a\u00f1os de crecimiento y<br>expansi\u00f3n en materia de transportes, movilidad y telecomunicaciones para nuestra regi\u00f3n\u201d, agreg\u00f3.<br>Inform\u00f3 Hern\u00e1ndez que el monto de los subsidios creci\u00f3 en cerca de 8 mil millones de pesos. \u201cEllo, despu\u00e9s de asumir la totalidad del servicio de conexi\u00f3n mar\u00edtima entre Isla Riesco y R\u00edo Verde pasando de 9 millones a 90 millones de pesos mensuales. Aumentamos las frecuencias de los servicios de transporte rural e incrementamos el subsidio a\u00e9reo a la demanda para Puerto Williams. En esta misma \u00e1rea, contamos con gratuidad para adultos mayores y personas discapacitadas en 10 servicios de transporte rural y de zonas aisladas, incluyendo el mar\u00edtimo que une Puerto Williams con Punta Arenas\u201d.<br>A\u00f1adi\u00f3 a lo anterior el comienzo del proyecto de semaforizaci\u00f3n en la capital regional, con una inversi\u00f3n<br>inicial de 1.100 millones de pesos en la primera etapa y que culminar\u00e1 con la construcci\u00f3n de la Unidad<br>Operativa de Control de Tr\u00e1nsito m\u00e1s austral del pa\u00eds, con financiamiento compartido entre el gobierno<br>regional y la subsecretar\u00eda de Transportes.<br>En materia de movilidad, mencion\u00f3 el plan maestro de tr\u00e1nsito de Punta Arenas y el desarrollo de las<br>encuestas Origen-Destino en Porvenir y Natales, obteniendo un importante insumo para la toma de<br>decisiones en la cabecera de las tres provincias m\u00e1s pobladas de la regi\u00f3n.<br>In\u00e9dito en el pa\u00eds calific\u00f3 el concurso paritario de taxis, donde adem\u00e1s de tener reservadas el 50% de las<br>postulaciones a mujeres, se destinaron cupos especiales a personas en situaci\u00f3n de discapacidad o<br>cuidadoras y de pueblos originarios contando hoy con 120 taxis nuevos la comuna de Punta Arenas.<br>\u201cTambi\u00e9n incentivamos el financiamiento de cursos de conducci\u00f3n profesional para mujeres, logrando un<br>v\u00ednculo estrat\u00e9gico con Sence y la Seremi de la Mujer y Equidad de G\u00e9nero para insertar m\u00e1s mujeres al<br>mundo laboral del transporte\u201d, destac\u00f3.<br>En Telecomunicaciones, record\u00f3 la llegada del 5G a Porvenir y Puerto Williams y mencion\u00f3 las gestiones de apoyo realizadas a diversas unidades vecinales y a la escuela de R\u00edo Seco, \u201ca quienes logramos contactar con las compa\u00f1\u00edas para que puedan acceder de mejor manera a los servicios de internet\u201d.<br>Proyecci\u00f3n 2024-2025<br>Las prioridades de la cartera tienen relaci\u00f3n con el mejoramiento del transporte urbano de Punta Arenas,<br>ya que cerca del 25% de los hogares no cuenta con autom\u00f3vil. \u201cPor ello, impulsamos junto al Gobierno<br>Regional una inversi\u00f3n hist\u00f3rica, con la aprobaci\u00f3n del Consejo Regional de 130 mil millones de pesos para la implementaci\u00f3n de una flota de 100 buses el\u00e9ctricos y su respectivo centro de carga. Con ello, crecer\u00e1 la flota de 70 con que cuenta el sistema, atendiendo los sectores de R\u00edo de Los Ciervos y R\u00edo Seco.<br>Junto con ello se vienen nuevos subsidios, como el mar\u00edtimo que realizar\u00e1 el cruce del canal Se\u00f1oret<br>uniendo la pen\u00ednsula Antonio Varas con Natales, dando respuesta a demandas hist\u00f3ricas de esta<br>comunidad, para quienes el transporte subsidiado es la \u00fanica opci\u00f3n de movilidad segura.<br>\u201cEste a\u00f1o tambi\u00e9n veremos concluidos el plan maestro de gesti\u00f3n de movilidad y tr\u00e1nsito de Natales y<br>Porvenir, con lo que nos convertiremos en la \u00fanica regi\u00f3n del pa\u00eds en tener sobre la mesa el dise\u00f1o y forma en que debe crecer la infraestructura urbana para construir urbes armoniosas para las y los vecinos, cuando caminan o se movilizan en cualquier medio de transporte por la ciudad. Continuaremos desarrollando el proyecto de semaforizaci\u00f3n y esperamos pronto poder adjudicar el dise\u00f1o del edificio que albergar\u00e1 la Unidad Operativa de Control de Tr\u00e1nsito\u201d, concluy\u00f3.<\/p>\n","protected":false},"excerpt":{"rendered":"<p>\u201cEste es el momento de analizar los avances logrados y proyectar el cumplimiento de nuestros pr\u00f3ximosdesaf\u00edos\u201d se\u00f1al\u00f3 el seremi de Transportes y Telecomunicaciones Rodrigo Hern\u00e1ndez al cumplirse la mitaddel periodo&#8230; <a class=\"read-more\" href=\"https:\/\/www.radiopresidenteibanez.cl\/web\/seremi-de-transportes-y-telecomunicaciones-hace-proyeccion-de-los-proximos-2-anos\/\">Leer m\u00e1s<\/a><\/p>\n","protected":false},"author":2,"featured_media":47050,"comment_status":"closed","ping_status":"closed","sticky":false,"template":"","format":"standard","meta":{"footnotes":""},"categories":[1],"tags":[],"class_list":["post-47049","post","type-post","status-publish","format-standard","has-post-thumbnail","hentry","category-cronica"],"_links":{"self":[{"href":"https:\/\/www.radiopresidenteibanez.cl\/web\/wp-json\/wp\/v2\/posts\/47049","targetHints":{"allow":["GET"]}}],"collection":[{"href":"https:\/\/www.radiopresidenteibanez.cl\/web\/wp-json\/wp\/v2\/posts"}],"about":[{"href":"https:\/\/www.radiopresidenteibanez.cl\/web\/wp-json\/wp\/v2\/types\/post"}],"author":[{"embeddable":true,"href":"https:\/\/www.radiopresidenteibanez.cl\/web\/wp-json\/wp\/v2\/users\/2"}],"replies":[{"embeddable":true,"href":"https:\/\/www.radiopresidenteibanez.cl\/web\/wp-json\/wp\/v2\/comments?post=47049"}],"version-history":[{"count":0,"href":"https:\/\/www.radiopresidenteibanez.cl\/web\/wp-json\/wp\/v2\/posts\/47049\/revisions"}],"wp:featuredmedia":[{"embeddable":true,"href":"https:\/\/www.radiopresidenteibanez.cl\/web\/wp-json\/wp\/v2\/media\/47050"}],"wp:attachment":[{"href":"https:\/\/www.radiopresidenteibanez.cl\/web\/wp-json\/wp\/v2\/media?parent=47049"}],"wp:term":[{"taxonomy":"category","embeddable":true,"href":"https:\/\/www.radiopresidenteibanez.cl\/web\/wp-json\/wp\/v2\/categories?post=47049"},{"taxonomy":"post_tag","embeddable":true,"href":"https:\/\/www.radiopresidenteibanez.cl\/web\/wp-json\/wp\/v2\/tags?post=47049"}],"curies":[{"name":"wp","href":"https:\/\/api.w.org\/{rel}","templated":true}]}}