{"id":47042,"date":"2024-03-15T08:12:53","date_gmt":"2024-03-15T11:12:53","guid":{"rendered":"https:\/\/www.radiopresidenteibanez.cl\/web\/?p=47042"},"modified":"2024-03-15T08:13:10","modified_gmt":"2024-03-15T11:13:10","slug":"cpc-magallanes-realiza-lanzamiento-de-sello-empresa-regional-en-conjunto-con-delegacion-presidencial","status":"publish","type":"post","link":"https:\/\/www.radiopresidenteibanez.cl\/web\/cpc-magallanes-realiza-lanzamiento-de-sello-empresa-regional-en-conjunto-con-delegacion-presidencial\/","title":{"rendered":"CPC MAGALLANES REALIZA LANZAMIENTO DE \u00abSELLO EMPRESA REGIONAL\u00bb EN CONJUNTO CON DELEGACION PRESIDENCIAL"},"content":{"rendered":"\n<p>En dependencias de CPC Magallanes se dieron cita los actores que vienen trabajando por una nueva iniciativa para la regi\u00f3n la que se denomina \u201cSello Empresa Regional\u201d, ellos son la Confederaci\u00f3n de la Producci\u00f3n y el Comercio de Magallanes (CPC )y la Delegaci\u00f3n Presidencial de Magallanes y Ant\u00e1rtica Chilena, a trav\u00e9s de su Gabinete Pro Crecimiento y Empleo, el que tiene por objetivo promover la relaci\u00f3n p\u00fablico privada, destrabando proyectos, fomentando la inversi\u00f3n, incentivando el &nbsp;empleo, cuidando el medio ambiente, entre otros. Este est\u00e1 conformado por las Seremias de: Econom\u00eda, Marlen Espa\u00f1a; Hacienda, \u00c1lvaro Vargas; Ciencia, Veronica Vallejos; Trabajo, Doris Sandoval y Obras Publicas, Jos\u00e9 Luis Hern\u00e1dez. &nbsp;En la ocasi\u00f3n contaron con el importante respaldo de SOFOFA y la presencia de destacados empresarios locales.<\/p>\n\n\n\n<p>Con la idea de descentralizar, &nbsp;la SOFOFA lleg\u00f3 en una comitiva a Punta Arenas para apoyar a la CPC en este hito trascendental para el mundo privado, su Presidenta Rosario Navarro, se dirigi\u00f3 a los presentes, haciendo \u00e9nfasis en que, crecer es un desaf\u00edo que tienen, recalcando que el sector privado tiene mucho que aportar, reconociendo la virtuosidad de este trabajo colaborativo, a que se mire el potencial de tener un Sello Regional para estimular a m\u00e1s empresas, PYMES y ciudadanos a contribuir a la regi\u00f3n, a lo que agreg\u00f3:\u201cYo creo en la virtuosidad de la colaboraci\u00f3n p\u00fablica\/ privada donde cada uno aporta desde &nbsp;su conocimiento lo mejor a que las cosas resulten, desde el sector p\u00fablico todo el conocimiento de los tr\u00e1mites, los permisos, la log\u00edstica, todo lo que es necesario para que uno pueda operar y la voluntad tambi\u00e9n genuina para acelerar estos procesos y desde el sector privado que es el que d\u00eda a d\u00eda tiene las dificultades de levantar el capital, de cuando algo no sale bien poder ponerse de pie, la resiliencia, la inventiva, la mirada de perspectiva de futuro, yo creo que la combinaci\u00f3n de esos dos mundos es una combinaci\u00f3n muy virtuosa, algo mencionamos aqu\u00ed que yo dir\u00eda que es el tercer pilar que es involucrar al mundo del conocimiento, &nbsp;de la academia, de la ciencia, cosa que tambi\u00e9n est\u00e1 ocurriendo aqu\u00ed en la regi\u00f3n de Magallanes y con esa triple h\u00e9lice, yo dir\u00eda que estamos en la mejor de las condiciones para no detenernos\u201d afirm\u00f3 entusiasmada la Presidenta de la Sociedad de Fomento Fabril.<\/p>\n\n\n\n<p>En tanto Jos\u00e9 Ruiz, se dirigi\u00f3 a los presentes valorando esta instancia, destacando que el medio ambiente no es una traba al desarrollo, es parte de, y cuando se habla de un desarrollo sostenible, es como promueven un desarrollo, donde no se destruya el entorno natural ni social, mencionando, que &nbsp;puede impactar, pero una cosa es que impacte y &nbsp;otra es que destruya, lo que debe conciliarse con la generaci\u00f3n de riquezas para satisfacer las demandas actuales, ese es el equilibrio al cual se debe propender, adem\u00e1s sac\u00f3 a colaci\u00f3n que: \u201cComo lo ha manifestado el Presidente de la Rep\u00fablica Gabriel Boric, en &nbsp;este segundo tiempo la reactivaci\u00f3n econ\u00f3mica es una prioridad para nuestro gobierno bajo ese contexto hace unos meses conformamos el Gabinete Pro Crecimiento y Empleo ac\u00e1 en la regi\u00f3n de Magallanes y donde entre otros puntos fijamos tambi\u00e9n promover una mayor relaci\u00f3n con el mundo privado y se estableci\u00f3 una serie de reuniones con la CPC, que deriv\u00f3 en este encuentro de dar &nbsp;un Sello de Magallanes y Ant\u00e1rtica Chilena a empresas de ac\u00e1, bajo criterios que estamos ahora poni\u00e9ndole contenido, lo hemos manifestado ya, la importancia que debe tener como por ejemplo el debido resguardo con el medio ambiente, pol\u00edticas de g\u00e9nero, para que haya mayor paridad al interior de las empresas, las buenas pr\u00e1cticas laborales donde la ley solamente es un piso, en fin, son criterios que ellos tambi\u00e9n nos fueron compartiendo y la idea es de ahora en adelante trabajar para darle contenido y pensando positivo, luego hacer el seguimiento para estos cumplimientos, es una muy buena instancia para estar con la Presidenta de la SOFOFA, ac\u00e1 el Presidente de la CPC regional y contar &nbsp;con el trabajo que hemos ido sosteniendo los \u00faltimos meses\u201dmanifest\u00f3 la autoridad.<\/p>\n\n\n\n<p>Para el Presidente de CPC Magallanes&nbsp;<\/p>\n\n\n\n<p>El \u201cSello Empresa Regional\u201d surgi\u00f3 de una idea entre lo p\u00fablico y lo privado para incentivar a las empresas ha tener una mayor responsabilidad &nbsp;y que se impongan el gran desaf\u00edo de ser mejores en todo sentido, lo que se traducir\u00eda en palabras sencillas en \u201chacer m\u00e1s grande la regi\u00f3n de Magallanes y Ant\u00e1rtica Chilena\u201d considerando que es una regi\u00f3n con un potencial envidiable, el hacerse responsable identificando lo que tienen para el desarrollo a trav\u00e9s de par\u00e1metros en los diversos ejes de la producci\u00f3n y la econom\u00eda, adem\u00e1s considerando la geograf\u00eda en la que se sit\u00faan en extensi\u00f3n y lejan\u00eda es un gran desaf\u00edo, primero de visibilizar la gran riqueza natural que ofrece para el beneficio de sus habitantes, y c\u00f3mo hacen esto? promoviendo e incentivando al capital humano a hacerse parte de un cambio, en donde tomen conciencia del gran valor que poseen, a ser responsables con el medio ambiente, pero tambi\u00e9n con ellos como habitantes de esta tierra y as\u00ed obtener el mejor beneficio para todos\u2026 y c\u00f3mo consiguen eso? al evaluar que son un porcentaje peque\u00f1o en una extensi\u00f3n tan grande territorialmente, \u201cUni\u00e9ndose\u201d haciendo alianzas entre lo p\u00fablico y lo privado, \u201cdefendiendo lo nuestro\u201d, facilitando el desarrollo productivo, para una mejor econom\u00eda, pero respetando lo que la naturaleza ofrece siendo responsablemente sustentables.<\/p>\n\n\n\n<p>Esa es la invitaci\u00f3n a las personas a trav\u00e9s de sus empleos a trabajar para entre todos lograr lo mejor para si mismos, que en la medida de lo posible no quede ninguna empresa &nbsp;sin esta distinci\u00f3n del \u201cSello Empresa Regional\u201d s\u00f3lo ah\u00ed sabr\u00e1n &nbsp;que como sociedad van obteniendo el m\u00e1ximo provecho en la actualidad, y dejando cimientos s\u00f3lidos para las generaciones futuras, parece una utop\u00eda, pero los actores involucrados en la g\u00e9nesis de este gran proyecto a largo plazo, creen fehacientemente que es posible si lo hacen entre todos y para todos.<\/p>\n\n\n\n<p>Finalmente Harambour se\u00f1al\u00f3:<\/p>\n\n\n\n<p>\u201cLa invitaci\u00f3n a todas las empresas regionales grandes y chicas, esto no es algo constituido para las empresas grandes, es para todas las empresas, para todos los empresarios, desde las empresas que est\u00e1n todo el d\u00eda en la esfera p\u00fablica con los grandes proyectos hasta las PYMES, porque todos aportan al crecimiento, as\u00ed que los invitamos a todos a sumarse a esto, ha que nos contacten, nosotros tambi\u00e9n nos vamos a estar contactando, porque viene un trabajo ahora de construir las m\u00e9tricas, como las medimos, porque la gracia de cuando uno logra medir algo, logra gestionar, entonces no s\u00f3lo vamos a poder construir este premio, este galard\u00f3n, sino que adem\u00e1s tener m\u00e9tricas para poder medir, conocer cu\u00e1les son los aportes reales, c\u00f3mo mejorar esos aportes y cu\u00e1nto de esos aportes le llega efectivamente a la gente\u201d.&nbsp;<\/p>\n","protected":false},"excerpt":{"rendered":"<p>En dependencias de CPC Magallanes se dieron cita los actores que vienen trabajando por una nueva iniciativa para la regi\u00f3n la que se denomina \u201cSello Empresa Regional\u201d, ellos son la&#8230; <a class=\"read-more\" href=\"https:\/\/www.radiopresidenteibanez.cl\/web\/cpc-magallanes-realiza-lanzamiento-de-sello-empresa-regional-en-conjunto-con-delegacion-presidencial\/\">Leer m\u00e1s<\/a><\/p>\n","protected":false},"author":2,"featured_media":47043,"comment_status":"closed","ping_status":"closed","sticky":false,"template":"","format":"standard","meta":{"footnotes":""},"categories":[1],"tags":[],"class_list":["post-47042","post","type-post","status-publish","format-standard","has-post-thumbnail","hentry","category-cronica"],"_links":{"self":[{"href":"https:\/\/www.radiopresidenteibanez.cl\/web\/wp-json\/wp\/v2\/posts\/47042","targetHints":{"allow":["GET"]}}],"collection":[{"href":"https:\/\/www.radiopresidenteibanez.cl\/web\/wp-json\/wp\/v2\/posts"}],"about":[{"href":"https:\/\/www.radiopresidenteibanez.cl\/web\/wp-json\/wp\/v2\/types\/post"}],"author":[{"embeddable":true,"href":"https:\/\/www.radiopresidenteibanez.cl\/web\/wp-json\/wp\/v2\/users\/2"}],"replies":[{"embeddable":true,"href":"https:\/\/www.radiopresidenteibanez.cl\/web\/wp-json\/wp\/v2\/comments?post=47042"}],"version-history":[{"count":0,"href":"https:\/\/www.radiopresidenteibanez.cl\/web\/wp-json\/wp\/v2\/posts\/47042\/revisions"}],"wp:featuredmedia":[{"embeddable":true,"href":"https:\/\/www.radiopresidenteibanez.cl\/web\/wp-json\/wp\/v2\/media\/47043"}],"wp:attachment":[{"href":"https:\/\/www.radiopresidenteibanez.cl\/web\/wp-json\/wp\/v2\/media?parent=47042"}],"wp:term":[{"taxonomy":"category","embeddable":true,"href":"https:\/\/www.radiopresidenteibanez.cl\/web\/wp-json\/wp\/v2\/categories?post=47042"},{"taxonomy":"post_tag","embeddable":true,"href":"https:\/\/www.radiopresidenteibanez.cl\/web\/wp-json\/wp\/v2\/tags?post=47042"}],"curies":[{"name":"wp","href":"https:\/\/api.w.org\/{rel}","templated":true}]}}