{"id":47023,"date":"2024-03-14T11:34:00","date_gmt":"2024-03-14T14:34:00","guid":{"rendered":"https:\/\/www.radiopresidenteibanez.cl\/web\/?p=47023"},"modified":"2024-03-14T10:10:04","modified_gmt":"2024-03-14T13:10:04","slug":"empresas-regionales-se-interiorizan-sobre-ley-de-donaciones-culturales","status":"publish","type":"post","link":"https:\/\/www.radiopresidenteibanez.cl\/web\/empresas-regionales-se-interiorizan-sobre-ley-de-donaciones-culturales\/","title":{"rendered":"EMPRESAS REGIONALES SE INTERIORIZAN SOBRE LEY DE DONACIONES CULTURALES"},"content":{"rendered":"\n<p>Alrededor de veinte representantes de empresas e instituciones de la regi\u00f3n de Magallanes participaron en la charla informativa sobre la Ley de Donaciones Culturales, organizada por la Seremi de las Culturas, las Artes y el Patrimonio.<br>Durante la actividad, encabezada por la Seremi de las Culturas, Carolina Herrera y efectuada este mi\u00e9rcoles en el Centro de Negocios de SERCOTEC, ubicado en calle Chilo\u00e9 N\u00b01850, Punta Arenas, se dieron a conocer detalles sobre este instrumento de financiamiento mixto para proyectos art\u00edsticos, culturales y patrimoniales, en el cual concurren recursos privados y p\u00fablicos.<br>\u201cEste es un plan de capacitaciones y hemos dado el puntapi\u00e9 inicial ac\u00e1 en Punta<br>Arenas. Esperamos llegar a la mayor cantidad de regiones posibles, sensibilizando<br>a quienes tienen dinero para que puedan poner recursos en proyectos<br>culturales\u201d, explic\u00f3 Leonardo Mosso, profesional de apoyo del Comit\u00e9 Calificador<br>de Donaciones Culturales del Ministerio de las Culturas, las Artes y el Patrimonio,<br>uno de los expositores de la jornada.<br>Mosso agreg\u00f3 que la franquicia que otorga el Estado no s\u00f3lo es un incentivo para<br>el mundo empresarial, sino que adem\u00e1s reporta beneficios a la ciudadan\u00eda en<br>general. \u201cEsto genera un impacto muy grande en la comunidad, porque el hecho<br>de que existan m\u00e1s recursos y gente que presente proyectos, finalmente quien se<br>va a ver m\u00e1s beneficiada, ser\u00e1 toda la comunidad de Punta Arenas. Podr\u00e1 tener<br>espect\u00e1culos y actividades culturales de mejor calidad y en mayor cantidad\u201d.<br>El espacio de formaci\u00f3n, que incluy\u00f3 una intervenci\u00f3n musical a cargo de la<br>profesora y concertista en piano Karina Contreras, consider\u00f3 adem\u00e1s la<br>participaci\u00f3n de Servicios de Impuestos Internos (SII). Juan Concha, jefe de<br>Grupo Asistencia al Contribuyente y Macarena Acu\u00f1a, abogada de esa instituci\u00f3n<br>entregaron detalles t\u00e9cnicos y, mediante ejercicio pr\u00e1ctico, ejemplificaron la forma en que funciona y los beneficios tributarios para empresas y personas naturales que se acogen a la norma.<br>Edelmag, EpAustral, ZonAustral, Frigor\u00edfico Simunovich, Aerov\u00edas Dap, Parque del<br>Estrecho, Tabsa, Constructora Vilicic S.A., Ultramar y Gasco, figuraron entre las<br>empresas que participaron en la actividad.<br>\u201cLa alta participaci\u00f3n de empresas locales en esta charla es una buena se\u00f1al.<br>Hay inter\u00e9s sobre este beneficio que entrega el Estado y nuestra tarea es seguir<br>insistiendo para comprometer y vincularlas con los otros actores que intervienen<br>en el proceso\u201d, coment\u00f3 la Seremi de las Culturas, Carolina Herrera.<br>Para las y los interesados en obtener m\u00e1s informaci\u00f3n respecto de la Ley de<br>Donaciones Culturales, el banco de proyectos, donantes y beneficiaries, pueden<br>visitar el sitio web www.donaciones.cultura.gob.cl o escribir al correo<br>electr\u00f3nico: leonardo.mosso@cultura.gob.cl<\/p>\n","protected":false},"excerpt":{"rendered":"<p>Alrededor de veinte representantes de empresas e instituciones de la regi\u00f3n de Magallanes participaron en la charla informativa sobre la Ley de Donaciones Culturales, organizada por la Seremi de las&#8230; <a class=\"read-more\" href=\"https:\/\/www.radiopresidenteibanez.cl\/web\/empresas-regionales-se-interiorizan-sobre-ley-de-donaciones-culturales\/\">Leer m\u00e1s<\/a><\/p>\n","protected":false},"author":2,"featured_media":47024,"comment_status":"closed","ping_status":"closed","sticky":false,"template":"","format":"standard","meta":{"footnotes":""},"categories":[1],"tags":[],"class_list":["post-47023","post","type-post","status-publish","format-standard","has-post-thumbnail","hentry","category-cronica"],"_links":{"self":[{"href":"https:\/\/www.radiopresidenteibanez.cl\/web\/wp-json\/wp\/v2\/posts\/47023","targetHints":{"allow":["GET"]}}],"collection":[{"href":"https:\/\/www.radiopresidenteibanez.cl\/web\/wp-json\/wp\/v2\/posts"}],"about":[{"href":"https:\/\/www.radiopresidenteibanez.cl\/web\/wp-json\/wp\/v2\/types\/post"}],"author":[{"embeddable":true,"href":"https:\/\/www.radiopresidenteibanez.cl\/web\/wp-json\/wp\/v2\/users\/2"}],"replies":[{"embeddable":true,"href":"https:\/\/www.radiopresidenteibanez.cl\/web\/wp-json\/wp\/v2\/comments?post=47023"}],"version-history":[{"count":0,"href":"https:\/\/www.radiopresidenteibanez.cl\/web\/wp-json\/wp\/v2\/posts\/47023\/revisions"}],"wp:featuredmedia":[{"embeddable":true,"href":"https:\/\/www.radiopresidenteibanez.cl\/web\/wp-json\/wp\/v2\/media\/47024"}],"wp:attachment":[{"href":"https:\/\/www.radiopresidenteibanez.cl\/web\/wp-json\/wp\/v2\/media?parent=47023"}],"wp:term":[{"taxonomy":"category","embeddable":true,"href":"https:\/\/www.radiopresidenteibanez.cl\/web\/wp-json\/wp\/v2\/categories?post=47023"},{"taxonomy":"post_tag","embeddable":true,"href":"https:\/\/www.radiopresidenteibanez.cl\/web\/wp-json\/wp\/v2\/tags?post=47023"}],"curies":[{"name":"wp","href":"https:\/\/api.w.org\/{rel}","templated":true}]}}