{"id":4702,"date":"2019-06-03T13:14:37","date_gmt":"2019-06-03T13:14:37","guid":{"rendered":"http:\/\/www.radiopresidenteibanez.cl\/web\/?p=4702"},"modified":"2019-06-03T13:14:48","modified_gmt":"2019-06-03T13:14:48","slug":"paro-nacional-profesores-cormupa-reitera-llamado-para-enviar-a-los-alumnos-as-a-clases","status":"publish","type":"post","link":"https:\/\/www.radiopresidenteibanez.cl\/web\/paro-nacional-profesores-cormupa-reitera-llamado-para-enviar-a-los-alumnos-as-a-clases\/","title":{"rendered":"PARO NACIONAL PROFESORES: CORMUPA REITERA LLAMADO PARA ENVIAR A LOS ALUMNOS\/AS A CLASES"},"content":{"rendered":"\n<p>Finalmente, seg\u00fan la informaci\u00f3n que hasta este minuto maneja la Cormupa son s\u00f3lo dos establecimientos, los que este lunes no tendr\u00e1n clases. <\/p>\n\n\n\n<p>Por lo tanto se reitera el llamado a los apoderados a enviar este lunes a sus hijos a clases. <\/p>\n\n\n\n<p>Listado de Establecimientos de Corporaci\u00f3n Municipal<\/p>\n\n\n\n<p>Adhesi\u00f3n parcial:<\/p>\n\n\n\n<ol class=\"wp-block-list\"><li>18 de Septiembre <\/li><li>Arturo Prat <\/li><li>Elba Ojeda <\/li><li>Espa\u00f1a <\/li><li>Hernando de Magallanes <\/li><li>Juan Bautista Contardi Media <\/li><li>Manuel Bulnes Adhesion <\/li><li>Pedro Pablo Lemaitre <\/li><li>Rep\u00fablica Argentina<\/li><li>Armando Quezada Liceo Industrial<\/li><li>CEIA <\/li><\/ol>\n\n\n\n<p>No adhieren a paro:<\/p>\n\n\n\n<ol class=\"wp-block-list\"><li>Bernardo O\u00b4Higgins<\/li><li>Dellamira Rebeca Aguilar <\/li><li>Juan Bautista Contardi B\u00e1sica <\/li><li>Juan Williams <\/li><li>Padre Alberto Hurtado <\/li><li>Pedro Sarmiento de Gamboa <\/li><li>Puerto Harris<\/li><li>Rep\u00fablica de Croacia <\/li><li>CCL <\/li><li>Paul Harris <\/li><li>Luis Alberto barrera <\/li><li>Maria Behety <\/li><li>Insuco <\/li><li>Raul Silva Henriquez <\/li><li>Andino<\/li><li>Sara Braun <\/li><li>Joshkee <\/li><\/ol>\n\n\n\n<p>Paro total<\/p>\n\n\n\n<ol class=\"wp-block-list\"><li>Patagonia <\/li><li>Portugal<\/li><li>Villa Las Nieves (solo el lunes)<\/li><\/ol>\n\n\n\n<figure class=\"wp-block-image\"><img loading=\"lazy\" decoding=\"async\" width=\"800\" height=\"533\" src=\"https:\/\/www.radiopresidenteibanez.cl\/web\/wp-content\/uploads\/2019\/06\/Sala-clases.jpg\" alt=\"\" class=\"wp-image-4703\" srcset=\"https:\/\/www.radiopresidenteibanez.cl\/web\/wp-content\/uploads\/2019\/06\/Sala-clases.jpg 800w, https:\/\/www.radiopresidenteibanez.cl\/web\/wp-content\/uploads\/2019\/06\/Sala-clases-300x200.jpg 300w, https:\/\/www.radiopresidenteibanez.cl\/web\/wp-content\/uploads\/2019\/06\/Sala-clases-768x512.jpg 768w\" sizes=\"auto, (max-width: 800px) 100vw, 800px\" \/><\/figure>\n","protected":false},"excerpt":{"rendered":"<p>Finalmente, seg\u00fan la informaci\u00f3n que hasta este minuto maneja la Cormupa son s\u00f3lo dos establecimientos, los que este lunes no tendr\u00e1n clases. Por lo tanto se reitera el llamado a&#8230; <a class=\"read-more\" href=\"https:\/\/www.radiopresidenteibanez.cl\/web\/paro-nacional-profesores-cormupa-reitera-llamado-para-enviar-a-los-alumnos-as-a-clases\/\">Leer m\u00e1s<\/a><\/p>\n","protected":false},"author":2,"featured_media":4703,"comment_status":"closed","ping_status":"closed","sticky":false,"template":"","format":"standard","meta":{"footnotes":""},"categories":[1],"tags":[],"class_list":["post-4702","post","type-post","status-publish","format-standard","has-post-thumbnail","hentry","category-cronica"],"_links":{"self":[{"href":"https:\/\/www.radiopresidenteibanez.cl\/web\/wp-json\/wp\/v2\/posts\/4702","targetHints":{"allow":["GET"]}}],"collection":[{"href":"https:\/\/www.radiopresidenteibanez.cl\/web\/wp-json\/wp\/v2\/posts"}],"about":[{"href":"https:\/\/www.radiopresidenteibanez.cl\/web\/wp-json\/wp\/v2\/types\/post"}],"author":[{"embeddable":true,"href":"https:\/\/www.radiopresidenteibanez.cl\/web\/wp-json\/wp\/v2\/users\/2"}],"replies":[{"embeddable":true,"href":"https:\/\/www.radiopresidenteibanez.cl\/web\/wp-json\/wp\/v2\/comments?post=4702"}],"version-history":[{"count":0,"href":"https:\/\/www.radiopresidenteibanez.cl\/web\/wp-json\/wp\/v2\/posts\/4702\/revisions"}],"wp:featuredmedia":[{"embeddable":true,"href":"https:\/\/www.radiopresidenteibanez.cl\/web\/wp-json\/wp\/v2\/media\/4703"}],"wp:attachment":[{"href":"https:\/\/www.radiopresidenteibanez.cl\/web\/wp-json\/wp\/v2\/media?parent=4702"}],"wp:term":[{"taxonomy":"category","embeddable":true,"href":"https:\/\/www.radiopresidenteibanez.cl\/web\/wp-json\/wp\/v2\/categories?post=4702"},{"taxonomy":"post_tag","embeddable":true,"href":"https:\/\/www.radiopresidenteibanez.cl\/web\/wp-json\/wp\/v2\/tags?post=4702"}],"curies":[{"name":"wp","href":"https:\/\/api.w.org\/{rel}","templated":true}]}}