{"id":47013,"date":"2024-03-14T08:11:21","date_gmt":"2024-03-14T11:11:21","guid":{"rendered":"https:\/\/www.radiopresidenteibanez.cl\/web\/?p=47013"},"modified":"2024-03-14T08:11:33","modified_gmt":"2024-03-14T11:11:33","slug":"consejeros-regionales-solicitan-audiencia-con-director-nacional-de-conaf","status":"publish","type":"post","link":"https:\/\/www.radiopresidenteibanez.cl\/web\/consejeros-regionales-solicitan-audiencia-con-director-nacional-de-conaf\/","title":{"rendered":"CONSEJEROS REGIONALES SOLICITAN AUDIENCIA CON DIRECTOR NACIONAL DE CONAF"},"content":{"rendered":"\n<p>Durante la solicitud de oficios del pleno el pasado lunes, el Consejo Regional reiter\u00f3 la petici\u00f3n en<br>la que solicita la presencia del Director Nacional de Conaf, para poder resolver y exponer sobre los<br>hechos planteadas por el Core durante los \u00faltimos meses.<br>El pasado 5 de enero del presente a\u00f1o, la Consejera Ximena Monta\u00f1ana intervino en la sala<br>se\u00f1alando las problem\u00e1ticas que enfrenta el turismo regional durante la temporada alta, expres\u00f3;<br>\u2018\u2018En Puerto Natales se est\u00e1n dando situaciones, el d\u00eda de hoy reci\u00e9n se habilit\u00f3, que la p\u00e1gina de la<br>venta de entradas tenga una versi\u00f3n en ingl\u00e9s, tambi\u00e9n no est\u00e1n disponibles formas de pago para<br>compra internacional, como el d\u00e9bito internacional\u2019\u2019.<br>Por su parte, en la actual instancia, el Consejero Alejandro Riquelme sostuvo; \u2018\u2018Esta vez, adem\u00e1s,<br>hemos oficiado al Servicio de Impuesto Internos para que se\u00f1ale, si se ha fiscalizado a Conaf<br>respecto a la no emisi\u00f3n de facturas por ventas de entradas, durante todo enero y febrero. A lo<br>anterior se suman otros problemas que a\u00fan persisten por 2 meses como: los m\u00f3dulos para<br>operadores no funcionan, no se aplican descuentos a tercera edad, Injuv, discapacitados y<br>residentes, escaso control de accesos, ausencia estad\u00edstica en los \u00faltimos dos meses, l\u00edmite en la<br>compra de entradas, medios de pago\u2019\u2019.<br>Finalmente, el Consejero por la Provincia de Tierra del Fuego, Rodolfo C\u00e1rdenas, quiso plantear las<br>dudas que existen sobre las acciones preventivas contra incendios, a ra\u00edz de los acontecimientos<br>ocurridos en el norte del pa\u00eds; \u2018es por eso que debemos ser precavidos y se requiere de forma<br>permanente la presencia de los guardaparques de Conaf en Tierra del Fuego, considerando<br>nuestros extensos bosques, llanuras , que son importantes de cuidar y conservar, adem\u00e1s<br>podamos abordar la situaci\u00f3n que viven otros parques importantes, como el parque nacional<br>Torres del Paine y de esa forma ir solucionando los temas que a la regi\u00f3n le interesan\u2019\u2019.<\/p>\n","protected":false},"excerpt":{"rendered":"<p>Durante la solicitud de oficios del pleno el pasado lunes, el Consejo Regional reiter\u00f3 la petici\u00f3n enla que solicita la presencia del Director Nacional de Conaf, para poder resolver y&#8230; <a class=\"read-more\" href=\"https:\/\/www.radiopresidenteibanez.cl\/web\/consejeros-regionales-solicitan-audiencia-con-director-nacional-de-conaf\/\">Leer m\u00e1s<\/a><\/p>\n","protected":false},"author":2,"featured_media":47014,"comment_status":"closed","ping_status":"closed","sticky":false,"template":"","format":"standard","meta":{"footnotes":""},"categories":[1],"tags":[],"class_list":["post-47013","post","type-post","status-publish","format-standard","has-post-thumbnail","hentry","category-cronica"],"_links":{"self":[{"href":"https:\/\/www.radiopresidenteibanez.cl\/web\/wp-json\/wp\/v2\/posts\/47013","targetHints":{"allow":["GET"]}}],"collection":[{"href":"https:\/\/www.radiopresidenteibanez.cl\/web\/wp-json\/wp\/v2\/posts"}],"about":[{"href":"https:\/\/www.radiopresidenteibanez.cl\/web\/wp-json\/wp\/v2\/types\/post"}],"author":[{"embeddable":true,"href":"https:\/\/www.radiopresidenteibanez.cl\/web\/wp-json\/wp\/v2\/users\/2"}],"replies":[{"embeddable":true,"href":"https:\/\/www.radiopresidenteibanez.cl\/web\/wp-json\/wp\/v2\/comments?post=47013"}],"version-history":[{"count":0,"href":"https:\/\/www.radiopresidenteibanez.cl\/web\/wp-json\/wp\/v2\/posts\/47013\/revisions"}],"wp:featuredmedia":[{"embeddable":true,"href":"https:\/\/www.radiopresidenteibanez.cl\/web\/wp-json\/wp\/v2\/media\/47014"}],"wp:attachment":[{"href":"https:\/\/www.radiopresidenteibanez.cl\/web\/wp-json\/wp\/v2\/media?parent=47013"}],"wp:term":[{"taxonomy":"category","embeddable":true,"href":"https:\/\/www.radiopresidenteibanez.cl\/web\/wp-json\/wp\/v2\/categories?post=47013"},{"taxonomy":"post_tag","embeddable":true,"href":"https:\/\/www.radiopresidenteibanez.cl\/web\/wp-json\/wp\/v2\/tags?post=47013"}],"curies":[{"name":"wp","href":"https:\/\/api.w.org\/{rel}","templated":true}]}}