{"id":47010,"date":"2024-03-13T16:13:00","date_gmt":"2024-03-13T19:13:00","guid":{"rendered":"https:\/\/www.radiopresidenteibanez.cl\/web\/?p=47010"},"modified":"2024-03-13T17:32:05","modified_gmt":"2024-03-13T20:32:05","slug":"este-jueves-14-de-marzo-se-inaugura-en-porvenir-exposicion-que-visibiliza-legado-fotografico-de-arnaldo-alarcon-fabres","status":"publish","type":"post","link":"https:\/\/www.radiopresidenteibanez.cl\/web\/este-jueves-14-de-marzo-se-inaugura-en-porvenir-exposicion-que-visibiliza-legado-fotografico-de-arnaldo-alarcon-fabres\/","title":{"rendered":"ESTE JUEVES 14 DE MARZO SE INAUGURA EN PORVENIR EXPOSICION QUE VISIBILIZA LEGADO FOTOGRAFICO DE ARNALDO ALARCON FABRES"},"content":{"rendered":"\n<p>Con la inauguraci\u00f3n en la capital de Tierra del Fuego de la&nbsp;exposici\u00f3n \u201cLegado fotogr\u00e1fico de&nbsp;Arnaldo&nbsp;Alarc\u00f3n: Un recorrido por la identidad de Magallanes\u201d, finaliza la itinerancia regional de la muestra de 39 fotograf\u00edas de alto valor patrimonial que tienen como foco de inter\u00e9s principal las personas y el paisaje local.<\/p>\n\n\n\n<p>La exposici\u00f3n es resultado del proyecto del mismo nombre, que se adjudic\u00f3 recursos de la L\u00ednea regional de financiamiento (Modalidad Una mirada a nuestra identidad \u2013 Magallanes), Convocatoria 2023 del Ministerio de las Culturas, las Artes y el Patrimonio, y cont\u00f3 con el patrocinio de Fundaci\u00f3n Procultura y el apoyo de la Direcci\u00f3n Regional del Servicio del Patrimonio Cultural (Serpat). El proyecto fue presentado por&nbsp;Eduardo Hern\u00e1ndez, quien trabaj\u00f3 en su desarrollo junto al destacado fot\u00f3grafo Vicente Gonz\u00e1lez Mimica, a cargo de la curator\u00eda;&nbsp;Ilonka Csillag Pimstein, como asesora de la exposici\u00f3n y&nbsp;Macarena Fern\u00e1ndez G\u00e9nova, brindando apoyo en la producci\u00f3n.<\/p>\n\n\n\n<p>La inauguraci\u00f3n se realizar\u00e1 este jueves 14 de marzo a las 11:30 horas, tras lo cual la muestra permanecer\u00e1 abierta al p\u00fablico en las instalaciones del CFT Estatal de Magallanes y la Ant\u00e1rtica Chilena (Francisco Sampaio 580) hasta el 5 de abril, en horarios de lunes a viernes, de 9:00 a 22:00 horas.<\/p>\n\n\n\n<p>El proyecto contempl\u00f3 el paso de la muestra por Punta Arenas, Puerto Natales, Torres del Paine y Porvenir, para&nbsp;lograr una cobertura territorial que potencie el acceso descentralizado a elementos del patrimonio cultural regional al abarcar tres de las cuatro provincias de la regi\u00f3n.<\/p>\n","protected":false},"excerpt":{"rendered":"<p>Con la inauguraci\u00f3n en la capital de Tierra del Fuego de la&nbsp;exposici\u00f3n \u201cLegado fotogr\u00e1fico de&nbsp;Arnaldo&nbsp;Alarc\u00f3n: Un recorrido por la identidad de Magallanes\u201d, finaliza la itinerancia regional de la muestra de&#8230; <a class=\"read-more\" href=\"https:\/\/www.radiopresidenteibanez.cl\/web\/este-jueves-14-de-marzo-se-inaugura-en-porvenir-exposicion-que-visibiliza-legado-fotografico-de-arnaldo-alarcon-fabres\/\">Leer m\u00e1s<\/a><\/p>\n","protected":false},"author":2,"featured_media":47011,"comment_status":"closed","ping_status":"closed","sticky":false,"template":"","format":"standard","meta":{"footnotes":""},"categories":[1],"tags":[],"class_list":["post-47010","post","type-post","status-publish","format-standard","has-post-thumbnail","hentry","category-cronica"],"_links":{"self":[{"href":"https:\/\/www.radiopresidenteibanez.cl\/web\/wp-json\/wp\/v2\/posts\/47010","targetHints":{"allow":["GET"]}}],"collection":[{"href":"https:\/\/www.radiopresidenteibanez.cl\/web\/wp-json\/wp\/v2\/posts"}],"about":[{"href":"https:\/\/www.radiopresidenteibanez.cl\/web\/wp-json\/wp\/v2\/types\/post"}],"author":[{"embeddable":true,"href":"https:\/\/www.radiopresidenteibanez.cl\/web\/wp-json\/wp\/v2\/users\/2"}],"replies":[{"embeddable":true,"href":"https:\/\/www.radiopresidenteibanez.cl\/web\/wp-json\/wp\/v2\/comments?post=47010"}],"version-history":[{"count":0,"href":"https:\/\/www.radiopresidenteibanez.cl\/web\/wp-json\/wp\/v2\/posts\/47010\/revisions"}],"wp:featuredmedia":[{"embeddable":true,"href":"https:\/\/www.radiopresidenteibanez.cl\/web\/wp-json\/wp\/v2\/media\/47011"}],"wp:attachment":[{"href":"https:\/\/www.radiopresidenteibanez.cl\/web\/wp-json\/wp\/v2\/media?parent=47010"}],"wp:term":[{"taxonomy":"category","embeddable":true,"href":"https:\/\/www.radiopresidenteibanez.cl\/web\/wp-json\/wp\/v2\/categories?post=47010"},{"taxonomy":"post_tag","embeddable":true,"href":"https:\/\/www.radiopresidenteibanez.cl\/web\/wp-json\/wp\/v2\/tags?post=47010"}],"curies":[{"name":"wp","href":"https:\/\/api.w.org\/{rel}","templated":true}]}}