{"id":4697,"date":"2019-05-31T20:16:31","date_gmt":"2019-05-31T20:16:31","guid":{"rendered":"http:\/\/www.radiopresidenteibanez.cl\/web\/?p=4697"},"modified":"2019-05-31T20:16:42","modified_gmt":"2019-05-31T20:16:42","slug":"chofer-fue-condenado-por-manejar-ebrio-y-causar-la-muerte-de-su-copiloto","status":"publish","type":"post","link":"https:\/\/www.radiopresidenteibanez.cl\/web\/chofer-fue-condenado-por-manejar-ebrio-y-causar-la-muerte-de-su-copiloto\/","title":{"rendered":"CHOFER FUE CONDENADO POR MANEJAR EBRIO Y CAUSAR LA MUERTE DE SU COPILOTO"},"content":{"rendered":"\n<p>Por conducir en estado de ebriedad sin haber obtenido\nlicencia de conducir, causando muerte, lesiones graves y da\u00f1os, hoy, &nbsp;Daniel\nAlejandro Ampuero Miranda, fue condenado en juicio oral.<\/p>\n\n\n\n<p>En su veredicto el Tribunal Oral en lo Penal,\nestim\u00f3 que la prueba testimonial, documental, pericial incorporada\npor la Fiscal\u00eda, super\u00f3 el est\u00e1ndar de condena respecto del il\u00edcito se\u00f1alado y\nque la pena que deber\u00e1 cumplir el acusado se conocer\u00e1 en la sentencia\ndefinitiva que se dar\u00e1 a conocer el mi\u00e9rcoles 5 de junio,&nbsp; a las 13:30 horas.<\/p>\n\n\n\n<p>Durante el juicio el\nFiscal Manuel Soto, prob\u00f3 que el hecho se produjo el d\u00eda 27 de octubre del a\u00f1o pasado, alrededor de las 07:30\nhoras, en circunstancias que el acusado conduc\u00eda, sin licencia, un &nbsp;veh\u00edculo marca Honda, acompa\u00f1ado de dos\npersonas, por Avenida Eduardo Fre\u00ed en direcci\u00f3n al norte de Punta Arenas y\ndebido a su estado et\u00edlico, perdi\u00f3 el control del m\u00f3vil, zigzagueando y\ntraspasando el eje de la calzada, colisionando con un taxi, marca\nChevrolet,&nbsp; generando un impacto de alta\nenerg\u00eda.<\/p>\n\n\n\n<p>Como consecuencia de lo anterior, falleci\u00f3 Jhonatan Armijo Villagr\u00e1n, en el Hospital Cl\u00ednico de Magallanes, quien viajaba de copiloto del acusado; con politraumatismo de car\u00e1cter grave, la tambi\u00e9n pasajera del veh\u00edculo, Marjorie Arcos Vera, y con fracturas costales derechas m\u00faltiples y luxofractura de tobillo, el conductor del otro m\u00f3vil, Ulises Solar Lay. <\/p>\n\n\n\n<figure class=\"wp-block-image\"><img loading=\"lazy\" decoding=\"async\" width=\"1024\" height=\"854\" src=\"https:\/\/www.radiopresidenteibanez.cl\/web\/wp-content\/uploads\/2019\/05\/msb-1024x854.jpg\" alt=\"\" class=\"wp-image-4698\" srcset=\"https:\/\/www.radiopresidenteibanez.cl\/web\/wp-content\/uploads\/2019\/05\/msb-1024x854.jpg 1024w, https:\/\/www.radiopresidenteibanez.cl\/web\/wp-content\/uploads\/2019\/05\/msb-300x250.jpg 300w, https:\/\/www.radiopresidenteibanez.cl\/web\/wp-content\/uploads\/2019\/05\/msb-768x641.jpg 768w, https:\/\/www.radiopresidenteibanez.cl\/web\/wp-content\/uploads\/2019\/05\/msb.jpg 1271w\" sizes=\"auto, (max-width: 1024px) 100vw, 1024px\" \/><figcaption>????????????????????????????????????<\/figcaption><\/figure>\n","protected":false},"excerpt":{"rendered":"<p>Por conducir en estado de ebriedad sin haber obtenido licencia de conducir, causando muerte, lesiones graves y da\u00f1os, hoy, &nbsp;Daniel Alejandro Ampuero Miranda, fue condenado en juicio oral. En su&#8230; <a class=\"read-more\" href=\"https:\/\/www.radiopresidenteibanez.cl\/web\/chofer-fue-condenado-por-manejar-ebrio-y-causar-la-muerte-de-su-copiloto\/\">Leer m\u00e1s<\/a><\/p>\n","protected":false},"author":2,"featured_media":4698,"comment_status":"closed","ping_status":"closed","sticky":false,"template":"","format":"standard","meta":{"footnotes":""},"categories":[6],"tags":[],"class_list":["post-4697","post","type-post","status-publish","format-standard","has-post-thumbnail","hentry","category-policial"],"_links":{"self":[{"href":"https:\/\/www.radiopresidenteibanez.cl\/web\/wp-json\/wp\/v2\/posts\/4697","targetHints":{"allow":["GET"]}}],"collection":[{"href":"https:\/\/www.radiopresidenteibanez.cl\/web\/wp-json\/wp\/v2\/posts"}],"about":[{"href":"https:\/\/www.radiopresidenteibanez.cl\/web\/wp-json\/wp\/v2\/types\/post"}],"author":[{"embeddable":true,"href":"https:\/\/www.radiopresidenteibanez.cl\/web\/wp-json\/wp\/v2\/users\/2"}],"replies":[{"embeddable":true,"href":"https:\/\/www.radiopresidenteibanez.cl\/web\/wp-json\/wp\/v2\/comments?post=4697"}],"version-history":[{"count":0,"href":"https:\/\/www.radiopresidenteibanez.cl\/web\/wp-json\/wp\/v2\/posts\/4697\/revisions"}],"wp:featuredmedia":[{"embeddable":true,"href":"https:\/\/www.radiopresidenteibanez.cl\/web\/wp-json\/wp\/v2\/media\/4698"}],"wp:attachment":[{"href":"https:\/\/www.radiopresidenteibanez.cl\/web\/wp-json\/wp\/v2\/media?parent=4697"}],"wp:term":[{"taxonomy":"category","embeddable":true,"href":"https:\/\/www.radiopresidenteibanez.cl\/web\/wp-json\/wp\/v2\/categories?post=4697"},{"taxonomy":"post_tag","embeddable":true,"href":"https:\/\/www.radiopresidenteibanez.cl\/web\/wp-json\/wp\/v2\/tags?post=4697"}],"curies":[{"name":"wp","href":"https:\/\/api.w.org\/{rel}","templated":true}]}}