{"id":46935,"date":"2024-03-11T09:13:00","date_gmt":"2024-03-11T12:13:00","guid":{"rendered":"https:\/\/www.radiopresidenteibanez.cl\/web\/?p=46935"},"modified":"2024-03-11T08:41:15","modified_gmt":"2024-03-11T11:41:15","slug":"delegado-presidencial-analiza-logros-y-desafios-en-magallanes-a-dos-anos-de-gobierno","status":"publish","type":"post","link":"https:\/\/www.radiopresidenteibanez.cl\/web\/delegado-presidencial-analiza-logros-y-desafios-en-magallanes-a-dos-anos-de-gobierno\/","title":{"rendered":"DELEGADO PRESIDENCIAL ANALIZA LOGROS Y DESAFIOS EN MAGALLANES A DOS A\u00d1OS DE GOBIERNO"},"content":{"rendered":"\n<p>A dos a\u00f1os del gobierno, el delegado presidencial regional, Jos\u00e9 Ruiz Pivcevic, evalu\u00f3 los logros y desaf\u00edos de la gesti\u00f3n realizada en la zona. Destac\u00f3 la urgencia de tareas que requieren la colaboraci\u00f3n y voluntad de todos los actores, subrayando la importancia de trabajar en conjunto y avanzar hacia una visi\u00f3n com\u00fan para abordar temas de seguridad, educaci\u00f3n y diversificaci\u00f3n de la econom\u00eda local.&nbsp;<\/p>\n\n\n\n<p>De igual forma, valor\u00f3 el avance en obras que mejoran con un claro compromiso por la equidad y la igualdad de oportunidades, \u201choy el gobierno est\u00e1 llevando a cabo acciones transformadoras para mejorar las condiciones de vida de los habitantes en territorios lejanos y aislados\u201d, precis\u00f3 Ruiz.<\/p>\n\n\n\n<p>Subray\u00f3 que durante el 2023, en el marco del Plan de Emergencia Habitacional, se entregaron 734 soluciones habitacionales en dos provincias, siendo la cifra m\u00e1s alta en los \u00faltimos 9 a\u00f1os. La inversi\u00f3n total fue de 41 mil 700 millones de pesos, beneficiando a 547 mujeres jefas de hogar. Adem\u00e1s, se inici\u00f3 la ejecuci\u00f3n de 488 soluciones habitacionales en Proyectos de Integraci\u00f3n Social y Territorial (PIST &#8211; DS19) y se proyecta superar las 800 viviendas para el presente a\u00f1o.<\/p>\n\n\n\n<p>En cuanto a los subsidios, se entregaron 456 durante el 2023, beneficiando a 308 mujeres jefas de hogar, con una inversi\u00f3n de 40 mil millones. Para este a\u00f1o se proyecta la entrega de 2.197 subsidios, con una inversi\u00f3n de 89 mil millones de pesos.<\/p>\n\n\n\n<p>\u201cLa voluntad gubernamental se manifiesta con fuerza, y los resultados son evidentes: se han entregado un total de 1.604 viviendas, alcanzando un 82% de la meta en menos de la mitad del mandato presidencial. Este es solo el inicio, ya que el gobierno tiene previsto desarrollar proyectos habitacionales en comunas rurales. Un hito destacado fue la colocaci\u00f3n de la primera piedra en un condominio en Puerto Williams, y hemos anunciado la entrega de subsidios en Torres del Paine y Primavera, iniciativas solicitadas por la comunidad y postergadas por d\u00e9cadas\u201d, recalc\u00f3 la autoridad.<\/p>\n\n\n\n<p>En proyectos urbanos, se entregaron 3.280 metros de ciclov\u00edas y se est\u00e1n ejecutando 3.500 metros m\u00e1s en la capital regional, con una inversi\u00f3n de 10 mil millones de pesos. \u201cEste a\u00f1o proyectamos avances en la Avenida Circunvalaci\u00f3n y potenciar el sello descentralizador, con obras en comunas como Torres del Paine, San Gregorio, Primavera y Timaukel, entregar ciclov\u00edas en Avenida Espa\u00f1a y Avenida Bulnes, y construir el quinto Conjunto de Viviendas Tuteladas\u201d, destac\u00f3.<\/p>\n\n\n\n<p>En este sentido destac\u00f3 la inauguraci\u00f3n de la primera residencia para personas con discapacidad en la regi\u00f3n de Magallanes, llamada \u00abSor Paola Aspelgreen\u00bb, ubicada en Natales, con capacidad para 10 personas con discapacidad leve y moderada.<\/p>\n\n\n\n<p>\u201cEl desaf\u00edo de llegar a todos los sectores de Magallanes con la mano del Estado es crucial para mejorar la calidad de vida y reducir brechas de distancia y lejan\u00eda. Esto implica garantizar el acceso a servicios p\u00fablicos de calidad, oportunidades de desarrollo y viviendas dignas en toda la regi\u00f3n\u201d, indic\u00f3.<\/p>\n\n\n\n<p>En conectividad, la autoridad valor\u00f3 el convenio suscrito entre el MOP y el Gobierno Regional. Este ambicioso plan considera 391 mil millones de pesos e incluye proyectos clave destinados a potenciar la conectividad multimodal en la regi\u00f3n, abarcando desde posadas de helic\u00f3pteros hasta sendas de penetraci\u00f3n, obras portuarias y mejoras en aer\u00f3dromos en todas las provincias.&nbsp; Entre las iniciativas destacadas se encuentran proyectos estrat\u00e9gicos orientados al desarrollo futuro de la regi\u00f3n, como el H2V y Ant\u00e1rtica, que impulsar\u00e1n la posici\u00f3n de Magallanes en el mapa nacional e internacional.<\/p>\n\n\n\n<p>En tanto, a trav\u00e9s del MOP el gobierno ejecut\u00f3 el mayor monto de inversi\u00f3n hist\u00f3rico, alcanzando los 130.784 millones, con 118.112 millones de financiamiento sectorial y 12.672 millones de organismos mandantes. Las acciones se centraron en integraci\u00f3n territorial, conectividad, movilidad, desarrollo social, cultural, cient\u00edfico, seguridad ciudadana, ante desastres y emergencias, as\u00ed como seguridad h\u00eddrica. Destacan proyectos de infraestructura vial, portuaria, edificaci\u00f3n, seguridad aeroportuaria, y obras para mejorar la disponibilidad de agua en la regi\u00f3n. El Ministerio tambi\u00e9n participa en la nueva pol\u00edtica para las Zonas Extremas (PEDZE).<\/p>\n\n\n\n<p><strong>Tareas urgentes<\/strong><\/p>\n\n\n\n<p>Entre los principales desaf\u00edos para el segundo tiempo del gobierno en Magallanes, la autoridad mencion\u00f3 la necesidad de potenciar y diversificar la econom\u00eda local, respetando la sustentabilidad del territorio, fortalecer la seguridad y dignificar la educaci\u00f3n p\u00fablica.<\/p>\n\n\n\n<p>En este sentido, aclar\u00f3 que el Ministerio de Hacienda est\u00e1 actualmente enfocado en la gesti\u00f3n de proyectos clave vinculados al \u00abPacto Fiscal\u00bb, abordando aspectos como la ley de inteligencia econ\u00f3mica, cumplimiento tributario y la ley sobre renta para pymes. \u201cEn este periodo, priorizaremos la formalizaci\u00f3n de emprendedores mediante la educaci\u00f3n tributaria, resaltando los beneficios, incluyendo el acceso a fondos concursables. Y mantenemos el compromiso con mesas p\u00fablico-privadas para impulsar el empleo, las exportaciones y el crecimiento regional, a trav\u00e9s de \u201d, precis\u00f3 el delegado.<br>Por otro lado, destac\u00f3 una visi\u00f3n estrat\u00e9gica que posiciona a nuestra regi\u00f3n como l\u00edder en la promoci\u00f3n de Levantamientos de L\u00edneas Bases P\u00fablicas (LBP) y avanza simult\u00e1neamente en proyectos clave. Este enfoque no solo beneficia a la poblaci\u00f3n actual, sino que tambi\u00e9n contribuye al desarrollo integral del pa\u00eds.<\/p>\n\n\n\n<p>En la actualidad, los titulares de proyectos elaboran estas l\u00edneas base, present\u00e1ndolas al sistema de evaluaci\u00f3n ambiental. La nueva informaci\u00f3n actuar\u00e1 como contrapartida, reduciendo conflictos y permitiendo la identificaci\u00f3n anticipada de sitios prioritarios antes de los Estudios de Impacto Ambiental. Se espera que la implementaci\u00f3n de las LBP brinde mayor certeza a los procesos, impulsando as\u00ed la inversi\u00f3n y el desarrollo regional, seg\u00fan resalt\u00f3 Ruiz.<\/p>\n\n\n\n<p>En relaci\u00f3n con la seguridad p\u00fablica, Ruiz subray\u00f3 la necesidad de mejorar tanto la sensaci\u00f3n como la eficacia en este \u00e1mbito. Reconoci\u00f3 la importancia fundamental de la seguridad para el bienestar y el progreso. En este sentido, se est\u00e1 llevando a cabo una acci\u00f3n colectiva entre diversas instituciones, con medidas m\u00e1s rigurosas para los infractores, especialmente para abordar las carreras nocturnas. Aunque se han implementado el decomiso de veh\u00edculos, intensificaci\u00f3n de controles y detenciones, se ha constatado que estas medidas no son suficientes. Por lo tanto, se enfatiza la urgencia de fortalecer a\u00fan m\u00e1s la coordinaci\u00f3n y la prevenci\u00f3n durante este segundo per\u00edodo.<\/p>\n\n\n\n<p>Ruiz tambi\u00e9n valor\u00f3 el retorno de la educaci\u00f3n al Estado a trav\u00e9s de los Servicios Locales de Educaci\u00f3n P\u00fablica (SLEP), esencial para garantizar una educaci\u00f3n de calidad y equidad. Se trata de un desaf\u00edo que implica dignificar la labor de los trabajadores de la educaci\u00f3n, mejorar la infraestructura escolar, garantizar compromisos salariales y fortalecer los curr\u00edculos regionales. Con una educaci\u00f3n de calidad, equidad y pertinencia, se proporcionar\u00e1n a los estudiantes herramientas para su desarrollo integral y para enfrentar los desaf\u00edos del siglo XXI.<\/p>\n\n\n\n<p>Finalmente, a dos a\u00f1os de gobierno en Magallanes, Ruiz asegur\u00f3 que \u201ces vital apelar y construir con todas las voluntades para enfrentar los desaf\u00edos. Trabajar en conjunto con el gobierno regional, a trav\u00e9s de convenios y fortalecer la mirada en los municipios para identificar y abordar las necesidades inmediatas de la regi\u00f3n. Adem\u00e1s, es importante contar con la participaci\u00f3n activa de la ciudadan\u00eda para construir soluciones que beneficien a todos los habitantes de Magallanes\u201d, puntualiz\u00f3.<\/p>\n","protected":false},"excerpt":{"rendered":"<p>A dos a\u00f1os del gobierno, el delegado presidencial regional, Jos\u00e9 Ruiz Pivcevic, evalu\u00f3 los logros y desaf\u00edos de la gesti\u00f3n realizada en la zona. Destac\u00f3 la urgencia de tareas que&#8230; <a class=\"read-more\" href=\"https:\/\/www.radiopresidenteibanez.cl\/web\/delegado-presidencial-analiza-logros-y-desafios-en-magallanes-a-dos-anos-de-gobierno\/\">Leer m\u00e1s<\/a><\/p>\n","protected":false},"author":2,"featured_media":46936,"comment_status":"closed","ping_status":"closed","sticky":false,"template":"","format":"standard","meta":{"footnotes":""},"categories":[1],"tags":[],"class_list":["post-46935","post","type-post","status-publish","format-standard","has-post-thumbnail","hentry","category-cronica"],"_links":{"self":[{"href":"https:\/\/www.radiopresidenteibanez.cl\/web\/wp-json\/wp\/v2\/posts\/46935","targetHints":{"allow":["GET"]}}],"collection":[{"href":"https:\/\/www.radiopresidenteibanez.cl\/web\/wp-json\/wp\/v2\/posts"}],"about":[{"href":"https:\/\/www.radiopresidenteibanez.cl\/web\/wp-json\/wp\/v2\/types\/post"}],"author":[{"embeddable":true,"href":"https:\/\/www.radiopresidenteibanez.cl\/web\/wp-json\/wp\/v2\/users\/2"}],"replies":[{"embeddable":true,"href":"https:\/\/www.radiopresidenteibanez.cl\/web\/wp-json\/wp\/v2\/comments?post=46935"}],"version-history":[{"count":0,"href":"https:\/\/www.radiopresidenteibanez.cl\/web\/wp-json\/wp\/v2\/posts\/46935\/revisions"}],"wp:featuredmedia":[{"embeddable":true,"href":"https:\/\/www.radiopresidenteibanez.cl\/web\/wp-json\/wp\/v2\/media\/46936"}],"wp:attachment":[{"href":"https:\/\/www.radiopresidenteibanez.cl\/web\/wp-json\/wp\/v2\/media?parent=46935"}],"wp:term":[{"taxonomy":"category","embeddable":true,"href":"https:\/\/www.radiopresidenteibanez.cl\/web\/wp-json\/wp\/v2\/categories?post=46935"},{"taxonomy":"post_tag","embeddable":true,"href":"https:\/\/www.radiopresidenteibanez.cl\/web\/wp-json\/wp\/v2\/tags?post=46935"}],"curies":[{"name":"wp","href":"https:\/\/api.w.org\/{rel}","templated":true}]}}