{"id":46931,"date":"2024-03-11T08:20:01","date_gmt":"2024-03-11T11:20:01","guid":{"rendered":"https:\/\/www.radiopresidenteibanez.cl\/web\/?p=46931"},"modified":"2024-03-11T08:20:17","modified_gmt":"2024-03-11T11:20:17","slug":"el-barros-boric","status":"publish","type":"post","link":"https:\/\/www.radiopresidenteibanez.cl\/web\/el-barros-boric\/","title":{"rendered":"EL \u201cBARROS BORIC\u201d"},"content":{"rendered":"\n<p>Amigos y amigas, lleg\u00f3 a su fin el segundo a\u00f1o de gobierno del presidente Boric. Este d\u00eda 11 de marzo<br>se inicia el tercer a\u00f1o del gobierno progresista, y surgen ya en todos los medios, los an\u00e1lisis y diagn\u00f3sticos, sobre esta primera etapa. Uno de los columnistas \u201cmayores\u201d del pa\u00eds, no sin una cuota de humor e iron\u00eda, hizo un paralelo entre el joven presidente, con el famos\u00edsimo presidente Ramos Barros Luco. A quien por supuesto todos recuerdan por el delicioso s\u00e1ndwich que lleva su nombre. Se dice que en la \u201cFuente alemana\u201d de Santiago, nuestro presidente, habr\u00eda pedido una modalidad especial de s\u00e1ndwich, un churrasco queso, con palta y extra mayo, el que r\u00e1pidamente fue bautizado como el \u201cBarros Boric\u201d. Fuera de ese aspecto, que ninguno de nosotros lo tomar\u00eda a mal, el resto de la columna del prestigioso periodista Daniel Matamala, detalla sin anestesia, el sinn\u00famero de traspi\u00e9s sufridos por el gobierno. Del mismo modo, enlista los cambios de opini\u00f3n del presidente Boric, respecto a posiciones m\u00e1s taxativas y categ\u00f3ricas, de su per\u00edodo parlamentario. En resumen, lo que se apunta all\u00ed, es a las aparentes, y en algunos casos evidentes, contradicciones entre el joven diputado magall\u00e1nico, con el no menos joven presidente de todos los chilenos. Hay verdades evidentes, el entusiasmo inicial, de llevar adelante un programa de transformaciones sociales profundas, dio paso, a una mirada m\u00e1s pragm\u00e1tica, que no dej\u00f3 a todos sus partidarios contentos. Lo que se puede apreciar hasta el d\u00eda de hoy. Esa es una verdad m\u00e1s grande que una catedral. Pero, no se puede culpar al presidente, por haber bebido de<br>esa copa de realidad. Resulta obvio, que la falta de una mayor\u00eda parlamentaria oficialista, impedir\u00eda la<br>concreci\u00f3n del programa de gobierno, como fue proyectado. Pero ese era un hecho de la causa, un dato que se conoc\u00eda desde el mismo d\u00eda de la elecci\u00f3n. Probablemente se sacaron otras cuentas, como lo que algunos sugieren, habr\u00eda aconsejado el ex ministro Jackson, esperar el resultado del proceso constituyente. Si eso fue exactamente as\u00ed o no, a estas alturas no tiene importancia, pero lo que s\u00ed la tiene, es que, a la espera de las elecciones de constituyentes, se dej\u00f3 ir un semestre completo. Nada menos que los primeros seis meses de gobierno, cuando el \u00e9xito de segunda vuelta, todav\u00eda ten\u00eda enfervorizados a muchos partidarios. Coincido con el periodista Matamala, que ese fue un gran error, que hizo perder una oportunidad de avanzar en eventuales acuerdos legislativos. Sin embargo, el nobel presidente, ven\u00eda de un proceso totalmente novedoso, sin parang\u00f3n en la historia republicana. De dirigente estudiantil, a parlamentario, luego a creador de un partido pol\u00edtico para presentarse como candidato presidencial, y luego candidato electo, y presidente de la rep\u00fablica, en menos de 15<br>a\u00f1os. Eso en s\u00ed, ya escribe una p\u00e1gina sorprendente en nuestra historia pol\u00edtica. Pero, otra cosa ha sido<br>encabezar exitosamente el aparato del estado, impulsar cambios administrativos y de gesti\u00f3n, a lo largo del pa\u00eds, ha sido una tarea de dulce y de agr\u00e1s. Da la impresi\u00f3n, muchas veces, que el presidente va por un carril, y varios en su gabinete, van por otro. Y esto no es por las diferencias entre las dos alas del gobierno, simplemente no todos reman al mismo ritmo. Pero, sin duda, que no contar con mayor\u00eda parlamentaria es un gran obst\u00e1culo. Hay que recordar que desde 1990, el progresismo ganaba elecciones, pero no pod\u00eda imponer su programa de gobierno, primero por los senadores designados, y por el sistema binominal, Y por la existencia del qu\u00f3rum supra mayoritario. La mayor\u00eda de las materias referidas a derechos sociales, a la organizaci\u00f3n del estado y de la econom\u00eda, se pod\u00edan reformar s\u00f3lo si se reun\u00eda 2\/3 de los parlamentarios, La largu\u00edsima transici\u00f3n a la democracia, tom\u00f3 parte importante de los veinte a\u00f1os de la concertaci\u00f3n de partidos por la democracia, para desmontar esos enclaves autoritarios. Quiero decir, que no contar con mayor\u00eda en el parlamento, no es justificaci\u00f3n para la paralizaci\u00f3n de un gobierno. Por el contrario, el compromiso asumido con el pueblo de Chile, obliga a tomar acci\u00f3n, a buscar los apoyos, y generar los acuerdos.<br>Esa palabra, que a\u00fan hoy d\u00eda, para algunos (as) tiene una connotaci\u00f3n siniestra. Los acuerdos en<br>democracia, son imprescindibles para poder avanzar en el progreso social. S\u00f3lo en las dictaduras, se puede imponer una voz, una opini\u00f3n, sin parlamentar, ni negociar con nadie. Esa noci\u00f3n, que valora los dificultosos avances del pasado, surgi\u00f3 en el presidente Boric, durante el primer a\u00f1o de su mandato. Hoy es convicci\u00f3n, \u201cdialogar hasta que duela\u201d, ha dicho varias veces. Pero no todos en su gobierno piensan lo mismo, tambi\u00e9n fuera de \u00e9l, y por su extremo izquierdo, existen quienes sostienen que hay que resolver las diferencias con el apoyo de la calle. Pero, de esa agua ya hemos bebido, y bastante. No produjo ni avances en la agenda social, ni fortaleci\u00f3 a los sectores extra sistema. Fue un volador de luces, y una nueva clase de historia, no se construyen los procesos sociales, sin mayor\u00eda social y pol\u00edtica.<br>Pese a todo, el presidente Boric, mantiene hoy d\u00eda, un no despreciable 26% de apoyo popular, seg\u00fan diversas encuestas. Incluso algunas le dan sobre el 30%. Al parecer la poblaci\u00f3n chilena, ve los esfuerzos, y por cierto los errores, del joven presidente. Tambi\u00e9n ver\u00e1n las correcciones de rumbo, los reconocimientos de yerros propios o de su gobierno. Ning\u00fan presidente anterior enfrent\u00f3 un parlamento con la dispersi\u00f3n del actual congreso chileno. Nada menos que 21 partidos con representaci\u00f3n parlamentaria, y una decena de partidos m\u00e1s en formaci\u00f3n. Organizaciones con micro votaciones, todas con estrepitosas vocer\u00edas, y discursos incendiarios, o derechamente injuriosos. La misma norma que permiti\u00f3 al otrora diputado Boric, constituir en tiempo record un partido pol\u00edtico, para inscribir su exitosa candidatura. Es la misma que hoy, muchos otros y otras utilizan, para impulsar sus propios proyectos personales o identitarios. El sistema pol\u00edtico chileno, no permite ni permitir\u00e1 a ning\u00fan gobierno, contar con mayor\u00eda parlamentaria. La estabilidad pol\u00edtica que se construye sobre la base, del dialogo democr\u00e1tico, entre fuerzas equivalentes, no es posible, cuando campea el populismo y el caudillismo.<br>La izquierda chilena, est\u00e1 en la encrucijada, a la cabeza del gobierno progresista, tiene la obligaci\u00f3n moral y pol\u00edtica, de impulsar el proyecto pol\u00edtico, que se impuso en las elecciones presidenciales. Tiene raz\u00f3n el<br>presidente, se deben buscar los acuerdos necesarios, para concretar el mandato que el pueblo le diera. No es tiempo de discusiones banales, ni de hacer filosof\u00eda pol\u00edtica de bajo vuelo. De cara a las mediciones electorales del mes de octubre, que ya golpean la puerta de La Moneda, la mejor carta de presentaci\u00f3n, es hacer el trabajo encomendado. Allanar los caminos, buscar interlocutores, para avanzar. Y si todo eso falla, y el sector conservador, como lo ha hecho en el pasado, niega la opci\u00f3n de avanzar en los derechos sociales. En esa hora decisiva, si Chile no puede avanzar en las reformas fundamentales, que se esperan desde 1990, que se convoque a un plebiscito, y que sea el pueblo el que decida.<br>Ernesto Sep\u00falveda Tornero<\/p>\n","protected":false},"excerpt":{"rendered":"<p>Amigos y amigas, lleg\u00f3 a su fin el segundo a\u00f1o de gobierno del presidente Boric. Este d\u00eda 11 de marzose inicia el tercer a\u00f1o del gobierno progresista, y surgen ya&#8230; <a class=\"read-more\" href=\"https:\/\/www.radiopresidenteibanez.cl\/web\/el-barros-boric\/\">Leer m\u00e1s<\/a><\/p>\n","protected":false},"author":2,"featured_media":46932,"comment_status":"closed","ping_status":"closed","sticky":false,"template":"","format":"standard","meta":{"footnotes":""},"categories":[1],"tags":[],"class_list":["post-46931","post","type-post","status-publish","format-standard","has-post-thumbnail","hentry","category-cronica"],"_links":{"self":[{"href":"https:\/\/www.radiopresidenteibanez.cl\/web\/wp-json\/wp\/v2\/posts\/46931","targetHints":{"allow":["GET"]}}],"collection":[{"href":"https:\/\/www.radiopresidenteibanez.cl\/web\/wp-json\/wp\/v2\/posts"}],"about":[{"href":"https:\/\/www.radiopresidenteibanez.cl\/web\/wp-json\/wp\/v2\/types\/post"}],"author":[{"embeddable":true,"href":"https:\/\/www.radiopresidenteibanez.cl\/web\/wp-json\/wp\/v2\/users\/2"}],"replies":[{"embeddable":true,"href":"https:\/\/www.radiopresidenteibanez.cl\/web\/wp-json\/wp\/v2\/comments?post=46931"}],"version-history":[{"count":0,"href":"https:\/\/www.radiopresidenteibanez.cl\/web\/wp-json\/wp\/v2\/posts\/46931\/revisions"}],"wp:featuredmedia":[{"embeddable":true,"href":"https:\/\/www.radiopresidenteibanez.cl\/web\/wp-json\/wp\/v2\/media\/46932"}],"wp:attachment":[{"href":"https:\/\/www.radiopresidenteibanez.cl\/web\/wp-json\/wp\/v2\/media?parent=46931"}],"wp:term":[{"taxonomy":"category","embeddable":true,"href":"https:\/\/www.radiopresidenteibanez.cl\/web\/wp-json\/wp\/v2\/categories?post=46931"},{"taxonomy":"post_tag","embeddable":true,"href":"https:\/\/www.radiopresidenteibanez.cl\/web\/wp-json\/wp\/v2\/tags?post=46931"}],"curies":[{"name":"wp","href":"https:\/\/api.w.org\/{rel}","templated":true}]}}