{"id":46926,"date":"2024-03-10T09:59:15","date_gmt":"2024-03-10T12:59:15","guid":{"rendered":"https:\/\/www.radiopresidenteibanez.cl\/web\/?p=46926"},"modified":"2024-03-10T09:59:15","modified_gmt":"2024-03-10T12:59:15","slug":"despedida-a-pedro-guichapany","status":"publish","type":"post","link":"https:\/\/www.radiopresidenteibanez.cl\/web\/despedida-a-pedro-guichapany\/","title":{"rendered":"DESPEDIDA A PEDRO GUICHAPANY"},"content":{"rendered":"\n<p>Los restos de nuestro amigo y colega ser\u00e1n velados en la Junta de vecinos 40 ubicada en Floridor Gonz\u00e1les 0538 poblaci\u00f3n 21 de mayo de la ciudad de Punta Arenas<\/p>\n\n\n\n<p>La familia de Pedro y nosotros como Radio Iba\u00f1ez agradecemos las innumerables muestras de cari\u00f1o y afecto por tan lamentable perdida que nos han hecho llegar por diferentes v\u00edas de comunicaci\u00f3n<\/p>\n","protected":false},"excerpt":{"rendered":"<p>Los restos de nuestro amigo y colega ser\u00e1n velados en la Junta de vecinos 40 ubicada en Floridor Gonz\u00e1les 0538 poblaci\u00f3n 21 de mayo de la ciudad de Punta Arenas&#8230; <a class=\"read-more\" href=\"https:\/\/www.radiopresidenteibanez.cl\/web\/despedida-a-pedro-guichapany\/\">Leer m\u00e1s<\/a><\/p>\n","protected":false},"author":2,"featured_media":46927,"comment_status":"closed","ping_status":"closed","sticky":false,"template":"","format":"standard","meta":{"footnotes":""},"categories":[1],"tags":[],"class_list":["post-46926","post","type-post","status-publish","format-standard","has-post-thumbnail","hentry","category-cronica"],"_links":{"self":[{"href":"https:\/\/www.radiopresidenteibanez.cl\/web\/wp-json\/wp\/v2\/posts\/46926","targetHints":{"allow":["GET"]}}],"collection":[{"href":"https:\/\/www.radiopresidenteibanez.cl\/web\/wp-json\/wp\/v2\/posts"}],"about":[{"href":"https:\/\/www.radiopresidenteibanez.cl\/web\/wp-json\/wp\/v2\/types\/post"}],"author":[{"embeddable":true,"href":"https:\/\/www.radiopresidenteibanez.cl\/web\/wp-json\/wp\/v2\/users\/2"}],"replies":[{"embeddable":true,"href":"https:\/\/www.radiopresidenteibanez.cl\/web\/wp-json\/wp\/v2\/comments?post=46926"}],"version-history":[{"count":0,"href":"https:\/\/www.radiopresidenteibanez.cl\/web\/wp-json\/wp\/v2\/posts\/46926\/revisions"}],"wp:featuredmedia":[{"embeddable":true,"href":"https:\/\/www.radiopresidenteibanez.cl\/web\/wp-json\/wp\/v2\/media\/46927"}],"wp:attachment":[{"href":"https:\/\/www.radiopresidenteibanez.cl\/web\/wp-json\/wp\/v2\/media?parent=46926"}],"wp:term":[{"taxonomy":"category","embeddable":true,"href":"https:\/\/www.radiopresidenteibanez.cl\/web\/wp-json\/wp\/v2\/categories?post=46926"},{"taxonomy":"post_tag","embeddable":true,"href":"https:\/\/www.radiopresidenteibanez.cl\/web\/wp-json\/wp\/v2\/tags?post=46926"}],"curies":[{"name":"wp","href":"https:\/\/api.w.org\/{rel}","templated":true}]}}