{"id":4692,"date":"2019-05-31T20:07:22","date_gmt":"2019-05-31T20:07:22","guid":{"rendered":"http:\/\/www.radiopresidenteibanez.cl\/web\/?p=4692"},"modified":"2019-05-31T20:07:58","modified_gmt":"2019-05-31T20:07:58","slug":"vocera-de-gobierno-llama-a-la-oposicion-a-elegir-el-dialogo-y-dejar-de-lado-el-obstruccionismo-ad-portas-de-la-cuenta-publica-presidencial-esperamos-que-haya-un-cambio-de-a","status":"publish","type":"post","link":"https:\/\/www.radiopresidenteibanez.cl\/web\/vocera-de-gobierno-llama-a-la-oposicion-a-elegir-el-dialogo-y-dejar-de-lado-el-obstruccionismo-ad-portas-de-la-cuenta-publica-presidencial-esperamos-que-haya-un-cambio-de-a\/","title":{"rendered":"VOCERA DE GOBIERNO LLAMA A LA OPOSICI\u00d3N A \u201cELEGIR EL DI\u00c1LOGO Y DEJAR DE LADO EL OBSTRUCCIONISMO\u201d AD PORTAS DE LA CUENTA P\u00daBLICA PRESIDENCIAL: \u201cESPERAMOS QUE HAYA UN CAMBIO DE ACTITUD\u201d"},"content":{"rendered":"\n<p> Ad portas de la Cuenta P\u00fablica que ma\u00f1ana realizar\u00e1 el Presidente Sebasti\u00e1n Pi\u00f1era en el Congreso Nacional, la Vocera de Gobierno, Cecilia P\u00e9rez, valor\u00f3 los avances alcanzados por el Gobierno durante la gesti\u00f3n de 2018 y llam\u00f3 a la oposici\u00f3n a \u201celegir el di\u00e1logo y dejar el obstruccionismo\u201d para trabajar por las prioridades de las familias de nuestro pa\u00eds.<\/p>\n\n\n\n<p>\u201cEl Presidente Pi\u00f1era ha trabajado intensamente las \u00faltimas tres semanas para entregar su segunda Cuenta P\u00fablica a los chilenos. Y es importante recordar que la Cuenta P\u00fablica tiene un sentido republicano profundo, donde de cara a la ciudadan\u00eda, el Presidente har\u00e1 un balance de lo que fue el a\u00f1o 2018 en la gesti\u00f3n del Gobierno y el cumplimiento de los compromisos asumidos en nuestro programa y por el que recibimos el mandato democr\u00e1tico de los chilenos\u201d, expres\u00f3 la Vocera de La Moneda.\u00a0<br>De esta manera, y tras reunirse con el Mandatario para abordar detalles de la ceremonia, la Ministra P\u00e9rez enfatiz\u00f3 alguno de los logros y avances de 2018, como la puesta en marcha de los cinco grandes Acuerdos Nacionales, el despacho de la Ley Antiportonazos, el Nuevo Sistema de transporte RED, el Plan Adulto Mejor, m\u00e1s de 194 mil empleos de calidad, y las iniciativas para poner a los ni\u00f1os primeros en la fila, entre otros.\u00a0\u00a0<\/p>\n\n\n\n<p>\u201cEl balance que el Presidente va a hacer del a\u00f1o 2018 nos tiene contentos, pero con el mismo compromiso y entusiasmo para seguir poniendo en marcha al pa\u00eds y trabajando para mejorar la calidad de vida de las familias m\u00e1s vulnerables y nuestra clase media\u201d, destac\u00f3 la Secretaria de Estado.<br>En esta l\u00ednea, la Ministra P\u00e9rez enfatiz\u00f3 los tres ejes que ha fijado el Presidente Pi\u00f1era para la gesti\u00f3n del Gobierno para este 2019 \u2013Clase Media Protegida, poner a Chile en marcha en materia econ\u00f3mica, y la Seguridad Ciudadana-, y llam\u00f3 a la oposici\u00f3n a elegir el di\u00e1logo y la unidad por el bien de los chilenos.<\/p>\n\n\n\n<p>\u201cNosotros aspiramos a que m\u00e1s liderazgos de la oposici\u00f3n puedan ser voces constructivas. Que aquellos que han preferido el obstruccionismo se den cuenta que a quienes da\u00f1an profundamente es a los chilenos\u201d, enfatiz\u00f3 la Vocera. \u201cNosotros siempre vamos a insistir y propiciar el camino del di\u00e1logo, los acuerdos y la unidad por el bien de Chile\u201d, acot\u00f3.<br>Asimismo, llam\u00f3 a \u201caquella oposici\u00f3n que vive criticando y lo \u00fanico que hace es impedir el avance de las reformas estructurales del Gobierno, que son avances tan urgentes para los ciudadanos, a que pueda cambiar de actitud\u201d.\u00a0<\/p>\n\n\n\n<p>\u201cEsperamos que esta Cuenta P\u00fablica se aborde con esp\u00edritu republicano, con una mirada de futuro y sin oportunismo pol\u00edtico. El Gobierno y nuestra coalici\u00f3n Chile Vamos puede tener diferencias y debatir con la oposici\u00f3n, pero hag\u00e1moslo con respeto y sin mezquindad\u201d, finaliz\u00f3 la Ministra Cecilia P\u00e9rez.\u00a0<\/p>\n\n\n\n<p>La Cuenta P\u00fablica a la Naci\u00f3n se realizar\u00e1 este s\u00e1bado, a partir de las 20:45 horas, en la Sesi\u00f3n de Honor del Congreso Nacional. <\/p>\n\n\n\n<figure class=\"wp-block-image\"><img loading=\"lazy\" decoding=\"async\" width=\"1024\" height=\"683\" src=\"https:\/\/www.radiopresidenteibanez.cl\/web\/wp-content\/uploads\/2019\/05\/3-1-1024x683.jpeg\" alt=\"\" class=\"wp-image-4694\" srcset=\"https:\/\/www.radiopresidenteibanez.cl\/web\/wp-content\/uploads\/2019\/05\/3-1-1024x683.jpeg 1024w, https:\/\/www.radiopresidenteibanez.cl\/web\/wp-content\/uploads\/2019\/05\/3-1-300x200.jpeg 300w, https:\/\/www.radiopresidenteibanez.cl\/web\/wp-content\/uploads\/2019\/05\/3-1-768x512.jpeg 768w, https:\/\/www.radiopresidenteibanez.cl\/web\/wp-content\/uploads\/2019\/05\/3-1.jpeg 1280w\" sizes=\"auto, (max-width: 1024px) 100vw, 1024px\" \/><\/figure>\n","protected":false},"excerpt":{"rendered":"<p>Ad portas de la Cuenta P\u00fablica que ma\u00f1ana realizar\u00e1 el Presidente Sebasti\u00e1n Pi\u00f1era en el Congreso Nacional, la Vocera de Gobierno, Cecilia P\u00e9rez, valor\u00f3 los avances alcanzados por el Gobierno&#8230; <a class=\"read-more\" href=\"https:\/\/www.radiopresidenteibanez.cl\/web\/vocera-de-gobierno-llama-a-la-oposicion-a-elegir-el-dialogo-y-dejar-de-lado-el-obstruccionismo-ad-portas-de-la-cuenta-publica-presidencial-esperamos-que-haya-un-cambio-de-a\/\">Leer m\u00e1s<\/a><\/p>\n","protected":false},"author":2,"featured_media":4694,"comment_status":"closed","ping_status":"closed","sticky":false,"template":"","format":"standard","meta":{"footnotes":""},"categories":[1],"tags":[],"class_list":["post-4692","post","type-post","status-publish","format-standard","has-post-thumbnail","hentry","category-cronica"],"_links":{"self":[{"href":"https:\/\/www.radiopresidenteibanez.cl\/web\/wp-json\/wp\/v2\/posts\/4692","targetHints":{"allow":["GET"]}}],"collection":[{"href":"https:\/\/www.radiopresidenteibanez.cl\/web\/wp-json\/wp\/v2\/posts"}],"about":[{"href":"https:\/\/www.radiopresidenteibanez.cl\/web\/wp-json\/wp\/v2\/types\/post"}],"author":[{"embeddable":true,"href":"https:\/\/www.radiopresidenteibanez.cl\/web\/wp-json\/wp\/v2\/users\/2"}],"replies":[{"embeddable":true,"href":"https:\/\/www.radiopresidenteibanez.cl\/web\/wp-json\/wp\/v2\/comments?post=4692"}],"version-history":[{"count":0,"href":"https:\/\/www.radiopresidenteibanez.cl\/web\/wp-json\/wp\/v2\/posts\/4692\/revisions"}],"wp:featuredmedia":[{"embeddable":true,"href":"https:\/\/www.radiopresidenteibanez.cl\/web\/wp-json\/wp\/v2\/media\/4694"}],"wp:attachment":[{"href":"https:\/\/www.radiopresidenteibanez.cl\/web\/wp-json\/wp\/v2\/media?parent=4692"}],"wp:term":[{"taxonomy":"category","embeddable":true,"href":"https:\/\/www.radiopresidenteibanez.cl\/web\/wp-json\/wp\/v2\/categories?post=4692"},{"taxonomy":"post_tag","embeddable":true,"href":"https:\/\/www.radiopresidenteibanez.cl\/web\/wp-json\/wp\/v2\/tags?post=4692"}],"curies":[{"name":"wp","href":"https:\/\/api.w.org\/{rel}","templated":true}]}}