{"id":469,"date":"2019-01-14T18:57:14","date_gmt":"2019-01-14T18:57:14","guid":{"rendered":"http:\/\/www.radiopresidenteibanez.cl\/web\/?p=469"},"modified":"2019-01-14T18:57:22","modified_gmt":"2019-01-14T18:57:22","slug":"brigadistas-de-conaf-extinguieron-foco-de-incendio-en-el-parque-nacional-torres-del-paine","status":"publish","type":"post","link":"https:\/\/www.radiopresidenteibanez.cl\/web\/brigadistas-de-conaf-extinguieron-foco-de-incendio-en-el-parque-nacional-torres-del-paine\/","title":{"rendered":"BRIGADISTAS DE CONAF EXTINGUIERON FOCO DE INCENDIO EN EL PARQUE NACIONAL TORRES DEL PAINE"},"content":{"rendered":"\n<p>La acci\u00f3n oportuna de guardaparques y brigadistas de CONAF evit\u00f3 una tragedia mayor al lograr controlar un foco de incendio que se produjo al interior del &nbsp;&nbsp;Parque Nacional Torres del Paine.<\/p>\n\n\n\n<p>A las 14.20 hrs. de este domingo y tras encontrarse recorriendo el sector de Laguna Azul, guardaparques de CONAF constataron la presencia de fuego en un tronco que se encontraba cercano a una zona de merienda.<\/p>\n\n\n\n<p>Fue as\u00ed como dieron aviso a la central de operaciones de CONAF, traslad\u00e1ndose inmediatamente dos brigadas apostadas en el Parque, las cuales lograron controlar en un tiempo breve el foco de incendio que ya hab\u00eda comenzado a extenderse hacia el pastizal.<\/p>\n\n\n\n<p>Tras ser extinguido por los brigadistas, se determin\u00f3 por las evidencias encontradas que el foco tuvo su origen en una colilla de cigarro mal apagada al interior del tronco, el cual se encontraba seco y con cierto nivel de descomposici\u00f3n, variables que acompa\u00f1adas de las rachas de viento y temperaturas que se registraban en ese momento, generaron las condiciones para la aparici\u00f3n del fuego.<\/p>\n\n\n\n<p>Para el director regional de CONAF, Mauricio V\u00e9jar, la r\u00e1pida acci\u00f3n de las brigadas de CONAF evitaron que esta situaci\u00f3n derivara en una tragedia mayor, obligando a estar alerta y recordar las normas que existen respecto al uso de fuego en lugares no habilitados.<\/p>\n\n\n\n<p>\u201cEl reglamento es bien claro respecto al uso de fuego en lugares no habilitados y las sanciones tambi\u00e9n. Esta situaci\u00f3n nos recuerda que debemos reforzar una y otra vez nuestros llamados a cuidar las \u00e1reas silvestres protegidas y el bosque de nuestra regi\u00f3n\u201d se\u00f1al\u00f3 el director regional, haciendo alusi\u00f3n a que la transgresi\u00f3n de estas normas no s\u00f3lo obliga a la expulsi\u00f3n de las \u00e1reas silvestres protegidas, sino adem\u00e1s contempla multas y hasta penas de c\u00e1rcel.<\/p>\n\n\n\n<p>De acuerdo a datos de CONAF, una de las causas de origen de focos de incendios producidos al interior de Parque son, justamente, cigarrillos mal apagados en lugares no habilitados para uso del fuego.<\/p>\n\n\n\n<p>Hasta la fecha, CONAF registra 12 incendios en la temporada 2018-2019.<\/p>\n","protected":false},"excerpt":{"rendered":"<p>La acci\u00f3n oportuna de guardaparques y brigadistas de CONAF evit\u00f3 una tragedia mayor al lograr controlar un foco de incendio que se produjo al interior del &nbsp;&nbsp;Parque Nacional Torres del&#8230; <a class=\"read-more\" href=\"https:\/\/www.radiopresidenteibanez.cl\/web\/brigadistas-de-conaf-extinguieron-foco-de-incendio-en-el-parque-nacional-torres-del-paine\/\">Leer m\u00e1s<\/a><\/p>\n","protected":false},"author":2,"featured_media":470,"comment_status":"closed","ping_status":"closed","sticky":false,"template":"","format":"standard","meta":{"footnotes":""},"categories":[1],"tags":[],"class_list":["post-469","post","type-post","status-publish","format-standard","has-post-thumbnail","hentry","category-cronica"],"_links":{"self":[{"href":"https:\/\/www.radiopresidenteibanez.cl\/web\/wp-json\/wp\/v2\/posts\/469","targetHints":{"allow":["GET"]}}],"collection":[{"href":"https:\/\/www.radiopresidenteibanez.cl\/web\/wp-json\/wp\/v2\/posts"}],"about":[{"href":"https:\/\/www.radiopresidenteibanez.cl\/web\/wp-json\/wp\/v2\/types\/post"}],"author":[{"embeddable":true,"href":"https:\/\/www.radiopresidenteibanez.cl\/web\/wp-json\/wp\/v2\/users\/2"}],"replies":[{"embeddable":true,"href":"https:\/\/www.radiopresidenteibanez.cl\/web\/wp-json\/wp\/v2\/comments?post=469"}],"version-history":[{"count":0,"href":"https:\/\/www.radiopresidenteibanez.cl\/web\/wp-json\/wp\/v2\/posts\/469\/revisions"}],"wp:featuredmedia":[{"embeddable":true,"href":"https:\/\/www.radiopresidenteibanez.cl\/web\/wp-json\/wp\/v2\/media\/470"}],"wp:attachment":[{"href":"https:\/\/www.radiopresidenteibanez.cl\/web\/wp-json\/wp\/v2\/media?parent=469"}],"wp:term":[{"taxonomy":"category","embeddable":true,"href":"https:\/\/www.radiopresidenteibanez.cl\/web\/wp-json\/wp\/v2\/categories?post=469"},{"taxonomy":"post_tag","embeddable":true,"href":"https:\/\/www.radiopresidenteibanez.cl\/web\/wp-json\/wp\/v2\/tags?post=469"}],"curies":[{"name":"wp","href":"https:\/\/api.w.org\/{rel}","templated":true}]}}