{"id":46890,"date":"2024-03-08T10:13:00","date_gmt":"2024-03-08T13:13:00","guid":{"rendered":"https:\/\/www.radiopresidenteibanez.cl\/web\/?p=46890"},"modified":"2024-03-08T08:36:08","modified_gmt":"2024-03-08T11:36:08","slug":"conservacion-y-equidad-de-genero-en-el-maritorio-los-desafios-para-las-mujeres-marinas-de-magallanes","status":"publish","type":"post","link":"https:\/\/www.radiopresidenteibanez.cl\/web\/conservacion-y-equidad-de-genero-en-el-maritorio-los-desafios-para-las-mujeres-marinas-de-magallanes\/","title":{"rendered":"CONSERVACI\u00d3N Y EQUIDAD DE G\u00c9NERO EN EL MARITORIO: LOS DESAF\u00cdOS PARA LAS MUJERES MARINAS DE MAGALLANES"},"content":{"rendered":"\n<p>Desde sus distintas ocupaciones u oficios<br>(pescadoras, cient\u00edficas, artistas, emprendedoras) han contribuido a la conformaci\u00f3n de la<br>Comunidad de Mujeres Marinas de Magallanes. El mar es el escenario com\u00fan, el espacio<br>que les permite desarrollar sus respectivas actividades.<br>Se form\u00f3 como una instancia para compartir saberes y experiencias relacionadas con el<br>maritorio, durante la \u00faltima parte del 2023. La comunidad buscar\u00e1 en este 2024 definir<br>una agenda que aborde los desaf\u00edos que enfrentan las mujeres en el mar. \u201cAlgunos de los<br>que ya se han identificado son:&nbsp;el acceso limitado a recursos, discriminaci\u00f3n de g\u00e9nero y<br>falta de capacitaciones\u201d, coment\u00f3 Nykol Jara, profesional del Programa de Conservaci\u00f3n<br>Marina de WCS Chile.<br>\u201cCon esta iniciativa buscamos, principalmente, avanzar en la conservaci\u00f3n efectiva de los<br>ecosistemas marinos de la regi\u00f3n, promoviendo la equidad en su gesti\u00f3n, incluyendo las<br>\u00e1reas marinas protegidas. Esto es fundamental para la resiliencia de Magallanes frente a<br>los desaf\u00edos de los cambios globales, como lo son el cambio clim\u00e1tico y la crisis de<br>biodiversidad\u201d, coment\u00f3 Catherine Dougnac, directora Cient\u00edfica de WCS Chile.<br>Por su parte, la directora Zonal de Peca y Acuicultura, Ximena Gallardo, coment\u00f3, a<br>prop\u00f3sito del rol de las mujeres en el maritorio, sobre c\u00f3mo, por ejemplo, han tomado un<br>rol m\u00e1s protag\u00f3nico en actividades como la pesca artesanal. \u201cEn la Regi\u00f3n de Magallanes<br>contamos con 58 armadoras artesanales, vale decir, que son titulares de embarcaciones<br>que extraen y transportan recursos estrat\u00e9gicos y m\u00e1s de 300 pescadoras. Esto<br>demuestra el aumento de la participaci\u00f3n formal de la mujer en la pesca artesanal de<br>nuestra regi\u00f3n. Este posicionamiento de las mujeres implica, adem\u00e1s, reconocer las<br>nuevas necesidades que se abren en todo este proceso\u201d, coment\u00f3.<br>La Comunidad de Mujeres Marinas de Magallanes se enmarca en uno de los proyectos<br>que ejecuta WCS Chile, \u201cHacia una Red de AMP del Estrecho de Magallanes inclusiva,<br>equitativa y eficaz\u201d, que cuenta con la particularidad de ser ejecutado por un equipo<br>compuesto \u00fanicamente por mujeres, quienes tambi\u00e9n est\u00e1n estrechamente ligadas al<br>maritorio.<br>Para este a\u00f1o se buscar\u00e1 consolidar la comunidad a trav\u00e9s de 6 encuentros (3<br>presenciales y 3 virtuales) para co-construir la agenda de trabajo con la Comunidad de<br>Mujeres Marinas. El primer encuentro se realizar\u00e1 este 27 de marzo de manera virtual.<\/p>\n","protected":false},"excerpt":{"rendered":"<p>Desde sus distintas ocupaciones u oficios(pescadoras, cient\u00edficas, artistas, emprendedoras) han contribuido a la conformaci\u00f3n de laComunidad de Mujeres Marinas de Magallanes. El mar es el escenario com\u00fan, el espacioque les&#8230; <a class=\"read-more\" href=\"https:\/\/www.radiopresidenteibanez.cl\/web\/conservacion-y-equidad-de-genero-en-el-maritorio-los-desafios-para-las-mujeres-marinas-de-magallanes\/\">Leer m\u00e1s<\/a><\/p>\n","protected":false},"author":2,"featured_media":46891,"comment_status":"closed","ping_status":"closed","sticky":false,"template":"","format":"standard","meta":{"footnotes":""},"categories":[1],"tags":[],"class_list":["post-46890","post","type-post","status-publish","format-standard","has-post-thumbnail","hentry","category-cronica"],"_links":{"self":[{"href":"https:\/\/www.radiopresidenteibanez.cl\/web\/wp-json\/wp\/v2\/posts\/46890","targetHints":{"allow":["GET"]}}],"collection":[{"href":"https:\/\/www.radiopresidenteibanez.cl\/web\/wp-json\/wp\/v2\/posts"}],"about":[{"href":"https:\/\/www.radiopresidenteibanez.cl\/web\/wp-json\/wp\/v2\/types\/post"}],"author":[{"embeddable":true,"href":"https:\/\/www.radiopresidenteibanez.cl\/web\/wp-json\/wp\/v2\/users\/2"}],"replies":[{"embeddable":true,"href":"https:\/\/www.radiopresidenteibanez.cl\/web\/wp-json\/wp\/v2\/comments?post=46890"}],"version-history":[{"count":0,"href":"https:\/\/www.radiopresidenteibanez.cl\/web\/wp-json\/wp\/v2\/posts\/46890\/revisions"}],"wp:featuredmedia":[{"embeddable":true,"href":"https:\/\/www.radiopresidenteibanez.cl\/web\/wp-json\/wp\/v2\/media\/46891"}],"wp:attachment":[{"href":"https:\/\/www.radiopresidenteibanez.cl\/web\/wp-json\/wp\/v2\/media?parent=46890"}],"wp:term":[{"taxonomy":"category","embeddable":true,"href":"https:\/\/www.radiopresidenteibanez.cl\/web\/wp-json\/wp\/v2\/categories?post=46890"},{"taxonomy":"post_tag","embeddable":true,"href":"https:\/\/www.radiopresidenteibanez.cl\/web\/wp-json\/wp\/v2\/tags?post=46890"}],"curies":[{"name":"wp","href":"https:\/\/api.w.org\/{rel}","templated":true}]}}