{"id":4689,"date":"2019-05-31T19:54:24","date_gmt":"2019-05-31T19:54:24","guid":{"rendered":"http:\/\/www.radiopresidenteibanez.cl\/web\/?p=4689"},"modified":"2019-05-31T19:54:34","modified_gmt":"2019-05-31T19:54:34","slug":"tabsa-inicia-proceso-de-expansion-evaluando-apertura-de-servicio-de-conectividad-maritima-en-canal-de-chacao-y-estuario-de-reloncavi","status":"publish","type":"post","link":"https:\/\/www.radiopresidenteibanez.cl\/web\/tabsa-inicia-proceso-de-expansion-evaluando-apertura-de-servicio-de-conectividad-maritima-en-canal-de-chacao-y-estuario-de-reloncavi\/","title":{"rendered":"TABSA INICIA PROCESO DE EXPANSI\u00d3N EVALUANDO APERTURA DE SERVICIO DE CONECTIVIDAD MAR\u00cdTIMA EN CANAL DE CHACAO Y ESTUARIO DE RELONCAV\u00cd"},"content":{"rendered":"\n<p>\n\nEn la regi\u00f3n de Los Lagos abrir\u00eda dos servicios de conectividad mar\u00edtima la empresa magall\u00e1nica Tabsa, que posee 51 a\u00f1os de experiencia en la zona austral de Chile. La compa\u00f1\u00eda eval\u00faa incorporar cuatro ferrys que prestar\u00e1n servicios en el canal de Chacao y en la ruta La Arena \u2013 Puelche, el primertransbordo de la Carretera Austral en su extremo norte.&nbsp;<\/p>\n\n\n\n<p>As\u00ed lo confirm\u00f3 Alejandro Kusanovic, gerente general de Tabsa durante una jornada de trabajo que realiz\u00f3 junto a ejecutivos de la empresa en Puerto Montt durante la cual realizaron visitas presenciales a los terminales mar\u00edtimos de ambas rutas.&nbsp;<br>\u201cDesde hace alg\u00fan tiempo que venimos evaluando la posibilidad de&nbsp;<br>expandirnos aprovechando la exitosa experiencia que tenemos en serviciosmar\u00edtimos de transporte de pasajeros y carga en Magallanes y Ays\u00e9n, como as\u00ed tambi\u00e9n en el desarrollo de embarcaciones especialmente dise\u00f1adas y construidas para operar en las habituales condiciones meteorol\u00f3gicas adversas de los mares australes \u201d, indic\u00f3 el ejecutivo agregando que existe una clara demanda por parte de la comunidad por obtener servicios de conectividad mar\u00edtima de mejor calidad.&nbsp;<\/p>\n\n\n\n<p>Algunos de los ferrys que hoy operan en la d\u00e9cima regi\u00f3n fueron parte de la flota de Tabsa siendo dados de baja dado que se incorporaron embarcaciones con la \u00faltima tecnolog\u00eda mar\u00edtima disponible. \u201cEs ese tipo de naves, que tienen seis pistas, las que queremos incorporar en el estuario de Relocanv\u00ed y en el canal de Chacao en una etapa inicial\u201d, explic\u00f3 Kusanovic quien tambi\u00e9n destac\u00f3 la exitosa experiencia que la empresa ha tenido con el servicio de conectividad Yungay \u2013 Puerto Natales que opera hace dos a\u00f1os y que conecta Magallanes con Ays\u00e9n posibilitando la conexi\u00f3n integral de Chile por territorio&nbsp;<br>nacional.&nbsp;<\/p>\n\n\n\n<p>Tabsa actualmente construye en China dos ferrys de seis pistas de \u00faltima generaci\u00f3n. Adicionalmente se eval\u00faa la adquisici\u00f3n en Grecia de un tercer ferry para acelerar el proceso de expansi\u00f3n de la compa\u00f1\u00eda a nivel nacional. <\/p>\n\n\n\n<figure class=\"wp-block-image\"><img loading=\"lazy\" decoding=\"async\" width=\"1024\" height=\"639\" src=\"https:\/\/www.radiopresidenteibanez.cl\/web\/wp-content\/uploads\/2019\/05\/TabsaPMontt-1024x639.jpg\" alt=\"\" class=\"wp-image-4690\" srcset=\"https:\/\/www.radiopresidenteibanez.cl\/web\/wp-content\/uploads\/2019\/05\/TabsaPMontt-1024x639.jpg 1024w, https:\/\/www.radiopresidenteibanez.cl\/web\/wp-content\/uploads\/2019\/05\/TabsaPMontt-300x187.jpg 300w, https:\/\/www.radiopresidenteibanez.cl\/web\/wp-content\/uploads\/2019\/05\/TabsaPMontt-768x480.jpg 768w, https:\/\/www.radiopresidenteibanez.cl\/web\/wp-content\/uploads\/2019\/05\/TabsaPMontt.jpg 1539w\" sizes=\"auto, (max-width: 1024px) 100vw, 1024px\" \/><\/figure>\n","protected":false},"excerpt":{"rendered":"<p>En la regi\u00f3n de Los Lagos abrir\u00eda dos servicios de conectividad mar\u00edtima la empresa magall\u00e1nica Tabsa, que posee 51 a\u00f1os de experiencia en la zona austral de Chile. La compa\u00f1\u00eda&#8230; <a class=\"read-more\" href=\"https:\/\/www.radiopresidenteibanez.cl\/web\/tabsa-inicia-proceso-de-expansion-evaluando-apertura-de-servicio-de-conectividad-maritima-en-canal-de-chacao-y-estuario-de-reloncavi\/\">Leer m\u00e1s<\/a><\/p>\n","protected":false},"author":2,"featured_media":4690,"comment_status":"closed","ping_status":"closed","sticky":false,"template":"","format":"standard","meta":{"footnotes":""},"categories":[1],"tags":[],"class_list":["post-4689","post","type-post","status-publish","format-standard","has-post-thumbnail","hentry","category-cronica"],"_links":{"self":[{"href":"https:\/\/www.radiopresidenteibanez.cl\/web\/wp-json\/wp\/v2\/posts\/4689","targetHints":{"allow":["GET"]}}],"collection":[{"href":"https:\/\/www.radiopresidenteibanez.cl\/web\/wp-json\/wp\/v2\/posts"}],"about":[{"href":"https:\/\/www.radiopresidenteibanez.cl\/web\/wp-json\/wp\/v2\/types\/post"}],"author":[{"embeddable":true,"href":"https:\/\/www.radiopresidenteibanez.cl\/web\/wp-json\/wp\/v2\/users\/2"}],"replies":[{"embeddable":true,"href":"https:\/\/www.radiopresidenteibanez.cl\/web\/wp-json\/wp\/v2\/comments?post=4689"}],"version-history":[{"count":0,"href":"https:\/\/www.radiopresidenteibanez.cl\/web\/wp-json\/wp\/v2\/posts\/4689\/revisions"}],"wp:featuredmedia":[{"embeddable":true,"href":"https:\/\/www.radiopresidenteibanez.cl\/web\/wp-json\/wp\/v2\/media\/4690"}],"wp:attachment":[{"href":"https:\/\/www.radiopresidenteibanez.cl\/web\/wp-json\/wp\/v2\/media?parent=4689"}],"wp:term":[{"taxonomy":"category","embeddable":true,"href":"https:\/\/www.radiopresidenteibanez.cl\/web\/wp-json\/wp\/v2\/categories?post=4689"},{"taxonomy":"post_tag","embeddable":true,"href":"https:\/\/www.radiopresidenteibanez.cl\/web\/wp-json\/wp\/v2\/tags?post=4689"}],"curies":[{"name":"wp","href":"https:\/\/api.w.org\/{rel}","templated":true}]}}