{"id":46883,"date":"2024-03-08T08:15:18","date_gmt":"2024-03-08T11:15:18","guid":{"rendered":"https:\/\/www.radiopresidenteibanez.cl\/web\/?p=46883"},"modified":"2024-03-08T08:15:33","modified_gmt":"2024-03-08T11:15:33","slug":"con-la-presencia-de-tres-secretarias-de-gobierno-concluye-el-primer-operativo-del-ano-en-puerto-eden","status":"publish","type":"post","link":"https:\/\/www.radiopresidenteibanez.cl\/web\/con-la-presencia-de-tres-secretarias-de-gobierno-concluye-el-primer-operativo-del-ano-en-puerto-eden\/","title":{"rendered":"CON LA PRESENCIA DE TRES SECRETARIAS DE GOBIERNO CONCLUYE EL PRIMER OPERATIVO DEL A\u00d1O EN PUERTO EDEN"},"content":{"rendered":"\n<p>La Secretar\u00eda Regional Ministerial de Desarrollo Social y Familia junto a sus servicios relacionados organiz\u00f3 en primer operativo del a\u00f1o para la aislada localidad de Puerto Ed\u00e9n, ubicada a m\u00e1s de 27 horas de navegaci\u00f3n desde Puerto Natales.<\/p>\n\n\n\n<p>As\u00ed lo explic\u00f3 su autoridad, Danilo Mimica Mansilla, quien junto a los equipos del Fondo de Solidaridad e Inversi\u00f3n Social (FOSIS), Servicio Nacional del Adulto Mayor (SENAMA), Instituto Nacional de la Juventud (INJUV), Servicio Nacional de la Discapacidad (SENADIS), y Corporaci\u00f3n Nacional de Desarrollo Ind\u00edgena (CONADI), comenzaron este a\u00f1o a organizar la comisi\u00f3n.<\/p>\n\n\n\n<p>\u201cHoy el compromiso es estar en los territorios para dar a conocer la oferta program\u00e1tica de nuestro ministerio y de sus servicios relacionados. Estamos difundiendo la oferta program\u00e1tica para que las comunidades accedan a m\u00e1s oportunidades, especialmente las que presentan mayores vulnerabilidades y, por ello, entregamos ejemplares de la Gu\u00eda de Beneficios Sociales que lanz\u00f3 el Gobierno. Nuestro esfuerzo est\u00e1 enfocado en implementar el Sistema Nacional de Apoyos y Cuidados \u201cChile Cuida\u201d que busca&nbsp;reconocer, reducir y redistribuir las labores de cuidados. La primera parte de este proceso es&nbsp;identificar la cantidad de personas que hoy ejercen labores de cuidados, y para conocer este dato, dispusimos en el Registro Social de Hogares (RSH) un complemento que permite que las personas cuidadoras obtengan una credencial para que puedan acceder a una atenci\u00f3n preferente en diversas instituciones p\u00fablicas\u201d,&nbsp;se\u00f1al\u00f3 la autoridad.<\/p>\n\n\n\n<p>En este operativo que llev\u00f3 el nombre de \u201cGobierno a su Servicio\u201d, tambi\u00e9n particip\u00f3 la Delegaci\u00f3n Presidencial Provincial de \u00daltima Esperanza y su autoridad Romina \u00c1lvarez Alarc\u00f3n, junto a las Seremis de las Culturas, las Artes y el Patrimonio, Carolina Herrera Toro; y de Justicia y Derechos Humanos, Michelle Peutat Alvarado, que acudi\u00f3 junto a funcionarios del Registro Civil y de la Corporaci\u00f3n de Asistencia Judicial.<\/p>\n\n\n\n<p>Dentro de las actividades planificadas se realiz\u00f3 un conversatorio con los habitantes y una feria de servicios donde los funcionarios y funcionarias&nbsp;ayudaron a realizar los tr\u00e1mites de actualizaci\u00f3n del Registro Social de Hogares, a difundir el concurso para financiar emprendimientos y microempresas ind\u00edgenas, renovar las c\u00e9dulas de identidad, brindar asesor\u00edas jur\u00eddicas gratuitas, entre otros. Pensando en quienes no pudieron acudir al lugar, las autoridades se desplazaron puerta a puerta a los hogares para acercar la oferta de los programas p\u00fablicos.<\/p>\n\n\n\n<p>Patricia Neg\u00fce Vera, residente de la localidad, valor\u00f3 la iniciativa. \u201cMe parece excelente que vengan a atender a la gente ac\u00e1 porque estamos tan aislados, y que sean diferentes servicios los que vengan, porque hace falta tenerlos ac\u00e1 en Puerto Ed\u00e9n. Hay gente que no puede salir a la ciudad a tramitar las cosas que se est\u00e1n haciendo ac\u00e1 ahora, como el carnet de identidad o hablar con la Seremi de Justicia\u201d, manifest\u00f3.<\/p>\n\n\n\n<p>Tambi\u00e9n, Dami\u00e1n Chiguay Chiguay, joven de Puerto Ed\u00e9n, agreg\u00f3 que \u201cesto simplemente me parece incre\u00edble, ya que porque fin lograron escuchar un poco nuestra voz, y vinieron ac\u00e1 a poder ense\u00f1arnos cosas a las cuales nosotros no sab\u00edamos. Darnos asistencia judicial me parece pr\u00e1cticamente excelente, porque nos est\u00e1n dando recursos y cosas las cuales no ten\u00edamos antes, y eso, se agradece bastante\u201d.<\/p>\n\n\n\n<p>La articulaci\u00f3n de este despliegue consider\u00f3 la participaci\u00f3n de artistas y creadores regionales. Gracias a la gesti\u00f3n de la Seremi de las Culturas,&nbsp;las Artes y el Patrimonio, m\u00e1s el apoyo de la Transbordadora Austral Broom, la comunidad disfrut\u00f3 de presentaciones art\u00edsticas tanto a bordo de ferry, como en tierra. Las obras de teatro estuvieron a cargo de la compa\u00f1\u00eda de Artilugios y el actor Juan Aro, mientras que las interpretaciones musicales fueron de Valeska Fuentes y Julio Argentino D\u00edaz. Todo con el objetivo de descentralizar el derecho y acceso a los bienes culturales.<\/p>\n\n\n\n<p><strong>El apoyo a la comunidad<\/strong><\/p>\n\n\n\n<p>Gracias a un convenio de asignaci\u00f3n directa entre la Delegaci\u00f3n de \u00daltima Esperanza y la CONADI, 20 familias ind\u00edgenas de Puerto Ed\u00e9n se ven beneficiadas con la entrega de sacos de le\u00f1a, canastas familiares y materiales de construcci\u00f3n.<\/p>\n\n\n\n<p>La autoridad provincial,&nbsp;Romina \u00c1lvarez, quien organiz\u00f3 la \u00faltima acci\u00f3n de despliegue en agosto del 2023&nbsp;mencion\u00f3 que \u201cen Puerto Ed\u00e9n hemos puesto \u00e9nfasis en la descentralizaci\u00f3n y en la democratizaci\u00f3n de los espacios, particularmente en lo que significa levantar proyectos de emergencias en los casos de telecomunicaciones para responder al Manual ABC (Ambulancias, Bomberos y Carabineros) conforme a los lineamientos de Senapred. Distintos recursos que tambi\u00e9n se han implementado a trav\u00e9s del Ministerio del Interior y Seguridad P\u00fablica para la adquisici\u00f3n de canastas de alimentos, y a trav\u00e9s del Servicio Local de Educaci\u00f3n P\u00fablica (SLEP) hemos llegado con internet a la Escuela Miguel Montecinos. Esperamos seguir avanzando en conjunto con la comunidad\u201d.<\/p>\n\n\n\n<p>Mediante un convenio entre el SLEP de Magallanes y la Fundaci\u00f3n Ense\u00f1a Chile, la Escuela Miguel Montecinos es uno de los quince establecimientos ubicados en zonas rurales de la regi\u00f3n que cuenta con internet satelital de Starlink, tecnolog\u00eda que est\u00e1 permitiendo mejorar las condiciones de conectividad de estudiantes y educadores.<\/p>\n","protected":false},"excerpt":{"rendered":"<p>La Secretar\u00eda Regional Ministerial de Desarrollo Social y Familia junto a sus servicios relacionados organiz\u00f3 en primer operativo del a\u00f1o para la aislada localidad de Puerto Ed\u00e9n, ubicada a m\u00e1s&#8230; <a class=\"read-more\" href=\"https:\/\/www.radiopresidenteibanez.cl\/web\/con-la-presencia-de-tres-secretarias-de-gobierno-concluye-el-primer-operativo-del-ano-en-puerto-eden\/\">Leer m\u00e1s<\/a><\/p>\n","protected":false},"author":2,"featured_media":46884,"comment_status":"closed","ping_status":"closed","sticky":false,"template":"","format":"standard","meta":{"footnotes":""},"categories":[1],"tags":[],"class_list":["post-46883","post","type-post","status-publish","format-standard","has-post-thumbnail","hentry","category-cronica"],"_links":{"self":[{"href":"https:\/\/www.radiopresidenteibanez.cl\/web\/wp-json\/wp\/v2\/posts\/46883","targetHints":{"allow":["GET"]}}],"collection":[{"href":"https:\/\/www.radiopresidenteibanez.cl\/web\/wp-json\/wp\/v2\/posts"}],"about":[{"href":"https:\/\/www.radiopresidenteibanez.cl\/web\/wp-json\/wp\/v2\/types\/post"}],"author":[{"embeddable":true,"href":"https:\/\/www.radiopresidenteibanez.cl\/web\/wp-json\/wp\/v2\/users\/2"}],"replies":[{"embeddable":true,"href":"https:\/\/www.radiopresidenteibanez.cl\/web\/wp-json\/wp\/v2\/comments?post=46883"}],"version-history":[{"count":0,"href":"https:\/\/www.radiopresidenteibanez.cl\/web\/wp-json\/wp\/v2\/posts\/46883\/revisions"}],"wp:featuredmedia":[{"embeddable":true,"href":"https:\/\/www.radiopresidenteibanez.cl\/web\/wp-json\/wp\/v2\/media\/46884"}],"wp:attachment":[{"href":"https:\/\/www.radiopresidenteibanez.cl\/web\/wp-json\/wp\/v2\/media?parent=46883"}],"wp:term":[{"taxonomy":"category","embeddable":true,"href":"https:\/\/www.radiopresidenteibanez.cl\/web\/wp-json\/wp\/v2\/categories?post=46883"},{"taxonomy":"post_tag","embeddable":true,"href":"https:\/\/www.radiopresidenteibanez.cl\/web\/wp-json\/wp\/v2\/tags?post=46883"}],"curies":[{"name":"wp","href":"https:\/\/api.w.org\/{rel}","templated":true}]}}