{"id":46864,"date":"2024-03-07T12:47:00","date_gmt":"2024-03-07T15:47:00","guid":{"rendered":"https:\/\/www.radiopresidenteibanez.cl\/web\/?p=46864"},"modified":"2024-03-07T10:39:47","modified_gmt":"2024-03-07T13:39:47","slug":"mas-de-100-representantes-de-organizaciones-sociales-participaron-del-lanzamiento-del-fondo-de-fortalecimiento-de-la-segegob","status":"publish","type":"post","link":"https:\/\/www.radiopresidenteibanez.cl\/web\/mas-de-100-representantes-de-organizaciones-sociales-participaron-del-lanzamiento-del-fondo-de-fortalecimiento-de-la-segegob\/","title":{"rendered":"MAS DE 100 REPRESENTANTES DE ORGANIZACIONES SOCIALES PARTICIPARON DEL LANZAMIENTO DEL FONDO DE FORTALECIMIENTO DE LA SEGEGOB"},"content":{"rendered":"\n<p>M\u00e1s de 100 integrantes de diversas organizaciones sociales de Punta Arenas,<br>participaron ayer del lanzamiento del Fondo de Fortalecimiento de<br>Organizaciones de Inter\u00e9s P\u00fablico (Ffoip) del Ministerio Secretar\u00eda General de<br>Gobierno que este a\u00f1o ofrece cerca de 63 millones de pesos. El evento cont\u00f3<br>tambi\u00e9n con la asistencia del Delegado Presidencial, Jos\u00e9 Ruiz, el Seremi de<br>Gobierno, Andro Mimica, y el seremi e Desarrollo Social, Danilo Mimica,<br>adem\u00e1s de miembros del Consejo Regional del Ffoip.<br>Bajo el eslogan \u201cLa fuerza de las ideas mueve\u201d, este fondo concursable tiene<br>por objetivo apoyar el trabajo de organizaciones sociales que promuevan los<br>derechos ciudadanos, equidad de g\u00e9nero, asistencia social, educaci\u00f3n, salud,<br>medio ambiente y otras tem\u00e1ticas. Las organizaciones podr\u00e1n acceder a un<br>m\u00e1ximo de $2 millones cuando se trate de proyectos locales (una comuna), $4<br>millones para aquellos de car\u00e1cter regional (dos o m\u00e1s comunas de una misma<br>regi\u00f3n) y un l\u00edmite de $10 millones para iniciativas de alcance nacional (m\u00e1s<br>de una regi\u00f3n).<br>Durante el evento de lanzamiento, el Delegado Presidencial, sostuvo: \u201cEstamos<br>muy contentos de dar el inicio a las postulaciones a los fondos de<br>fortalecimiento que este a\u00f1o se incrementan en casi un 20%, y esto da<br>muestra que como gobierno del Presidente Gabriel Boric, el rol de las<br>organizaciones sociales es fundamental. Aqu\u00ed pueden participar juntas de<br>vecinos, clubes deportivos, de adultos mayores. Al final cuando las<br>organizaciones se fortaleces, el tejido social se recompone y se mejoran los<br>barrios. Para nosotros tambi\u00e9n la tarea de las organizaciones se ve reflejada<br>en mayor seguridad den los barrios. Cuando hay juntas de vecinos y los<br>clubes deportivos m\u00e1s activos, los barrios tambi\u00e9n son m\u00e1s seguros\u201d.<br>En la misma actividad, el seremi de gobierno, Andro Mimica, explic\u00f3 que \u201cel<br>a\u00f1o pasado para nosotros fue una experiencia muy enriquecedora. Fueron 27<br>las organizaciones las que pudieron acceder al fondo. Tambi\u00e9n, durante el<br>2023, por primera vez pudimos llegar a las 4 provincias. Nunca en la historia<br>de los fondos hab\u00edamos apoyado a proyectos de Cabo de Hornos, \u00daltima<br>Esperanza, Tierra del Fuego y en Magallanes. Esperamos repetir esta iniciativa,<br>que la logramos gracias al despliegue que nosotros hacemos\u201d.<\/p>\n\n\n\n<p>Gladys Hern\u00e1ndez, presidenta de la Junta de Vecinos \u201cVilla las Nieves\u201d,<br>expres\u00f3: \u201cComo directiva de la junta, para nosotros es importante la relaci\u00f3n<br>que nosotros tenemos con nuestros vecinos, en ese sentido le dimos la<br>posibilidad a un grupo de mujeres de presentar un proyecto que estuvo con la<br>idea de reacondicionar o reinstalar un invernadero que la verdad se nos hab\u00eda<br>ca\u00eddo dos veces. Entonces gracias al proyecto, ellas pudieron asistir a talleres<br>de reciclaje, compostaje, y semillero. Aprender desde la base lo que significa la<br>tierra, para llegar a tener un tomate por ejemplo. Creemos que estos<br>proyectos tambi\u00e9n logran un tejido social, por el hecho de reunirse, de integrar<br>a toda la familia, donde las personas se sienten a gusto\u201d. Hoy las participantes<br>del grupo ejecutor del proyecto, formaron su propia agrupaci\u00f3n llamada<br>\u201cSemillero patag\u00f3nico\u201d, el cual ya se est\u00e1 organizando para trabajar con la<br>comunidad.<br>Gadys agreg\u00f3 que estas iniciativas son muy importantes porque se trata no<br>s\u00f3lo de recursos que ayudan a realizar ciertos proyectos, sino que adem\u00e1s<br>permite ayudar a las mujeres, a las personas vulnerables, m\u00e1s que en lo<br>econ\u00f3mico, en el acompa\u00f1amiento. Las iniciativas les permiten salir del mismo<br>entorno, abrirse a la comunidad, y comunicarse con muchas m\u00e1s personas.<br>Durante la actividad, el Comit\u00e9 Mar\u00eda Asunci\u00f3n Requena, expuso los trabajos<br>de manualidad en lana, realizados con distintas t\u00e9cnicas en bordados y tejidos,<br>gracias al Fondo de Fortalecimiento 2023. Patricia Flores, su presidenta,<br>explic\u00f3 que el grupo de mujeres beneficiadas se reunieron una vez a la<br>semana, y coincidi\u00f3 en la idea de que las iniciativas no s\u00f3lo se limitan a<br>generar productos que el grupo postulante busca obtener, sino que adem\u00e1s se<br>trata de una oportunidad de acompa\u00f1amiento, de di\u00e1logo y de desarrollo social<br>y cognitivo.<br>La convocatoria estar\u00e1 abierta hasta el 12 de abril para postulaciones en papel<br>y hasta el 22 del mismo mes para postulaciones digitales. M\u00e1s informaci\u00f3n en<br>fondodefortalecimiento.gob.cl<\/p>\n","protected":false},"excerpt":{"rendered":"<p>M\u00e1s de 100 integrantes de diversas organizaciones sociales de Punta Arenas,participaron ayer del lanzamiento del Fondo de Fortalecimiento deOrganizaciones de Inter\u00e9s P\u00fablico (Ffoip) del Ministerio Secretar\u00eda General deGobierno que este&#8230; <a class=\"read-more\" href=\"https:\/\/www.radiopresidenteibanez.cl\/web\/mas-de-100-representantes-de-organizaciones-sociales-participaron-del-lanzamiento-del-fondo-de-fortalecimiento-de-la-segegob\/\">Leer m\u00e1s<\/a><\/p>\n","protected":false},"author":2,"featured_media":46865,"comment_status":"closed","ping_status":"closed","sticky":false,"template":"","format":"standard","meta":{"footnotes":""},"categories":[1],"tags":[],"class_list":["post-46864","post","type-post","status-publish","format-standard","has-post-thumbnail","hentry","category-cronica"],"_links":{"self":[{"href":"https:\/\/www.radiopresidenteibanez.cl\/web\/wp-json\/wp\/v2\/posts\/46864","targetHints":{"allow":["GET"]}}],"collection":[{"href":"https:\/\/www.radiopresidenteibanez.cl\/web\/wp-json\/wp\/v2\/posts"}],"about":[{"href":"https:\/\/www.radiopresidenteibanez.cl\/web\/wp-json\/wp\/v2\/types\/post"}],"author":[{"embeddable":true,"href":"https:\/\/www.radiopresidenteibanez.cl\/web\/wp-json\/wp\/v2\/users\/2"}],"replies":[{"embeddable":true,"href":"https:\/\/www.radiopresidenteibanez.cl\/web\/wp-json\/wp\/v2\/comments?post=46864"}],"version-history":[{"count":0,"href":"https:\/\/www.radiopresidenteibanez.cl\/web\/wp-json\/wp\/v2\/posts\/46864\/revisions"}],"wp:featuredmedia":[{"embeddable":true,"href":"https:\/\/www.radiopresidenteibanez.cl\/web\/wp-json\/wp\/v2\/media\/46865"}],"wp:attachment":[{"href":"https:\/\/www.radiopresidenteibanez.cl\/web\/wp-json\/wp\/v2\/media?parent=46864"}],"wp:term":[{"taxonomy":"category","embeddable":true,"href":"https:\/\/www.radiopresidenteibanez.cl\/web\/wp-json\/wp\/v2\/categories?post=46864"},{"taxonomy":"post_tag","embeddable":true,"href":"https:\/\/www.radiopresidenteibanez.cl\/web\/wp-json\/wp\/v2\/tags?post=46864"}],"curies":[{"name":"wp","href":"https:\/\/api.w.org\/{rel}","templated":true}]}}