{"id":4686,"date":"2019-05-31T19:44:48","date_gmt":"2019-05-31T19:44:48","guid":{"rendered":"http:\/\/www.radiopresidenteibanez.cl\/web\/?p=4686"},"modified":"2019-05-31T19:45:38","modified_gmt":"2019-05-31T19:45:38","slug":"ahora-se-puede-calcular-el-riesgo-de-padecer-cancer-pulmonar","status":"publish","type":"post","link":"https:\/\/www.radiopresidenteibanez.cl\/web\/ahora-se-puede-calcular-el-riesgo-de-padecer-cancer-pulmonar\/","title":{"rendered":"AHORA SE PUEDE CALCULAR EL RIESGO DE PADECER C\u00c1NCER PULMONAR"},"content":{"rendered":"\n<p>Ser un fumador activo por varios a\u00f1os es el\nprincipal factor de riesgo de c\u00e1ncer pulmonar. Este peligro aumenta con el\nconsumo diario de cigarrillos durante muchos a\u00f1os -aunque sea poca cantidad- o\nel tiempo que ha transcurrido desde que se ha dejado de fumar. El c\u00e1ncer\npulmonar es una enfermedad silenciosa que no da s\u00edntomas tempranos y m\u00e1s de la\nmitad de los casos se detecta en etapas muy avanzadas.<\/p>\n\n\n\n<p>Es por esto que Red de Salud UC CHRISTUS cuenta\ncon el Programa de Detecci\u00f3n Precoz de C\u00e1ncer Pulmonar, que ofrece una\naplicaci\u00f3n para calcular qu\u00e9 personas est\u00e1n m\u00e1s expuestas a sufrir esta\nenfermedad. <\/p>\n\n\n\n<p>La calculadora del \u00cdndice de Consumo de Tabaco\nutiliza como base los paquetes&nbsp; fumados\nal a\u00f1o (1 paquete = 20 cigarros), se encuentra disponible en la web de Red de\nSalud UC CHRISTUS, y la puede usar todo aquel que considere que est\u00e1 en riesgo.\nLa ecuaci\u00f3n es simple: se divide el n\u00famero de cigarrillos al d\u00eda en 20 y este\nresultado se multiplica por el n\u00famero de a\u00f1os en que se ha fumado. El resultado\nser\u00e1 el n\u00famero de paquetes a\u00f1o; si \u00e9ste supera los 30, entonces el paciente es\ncandidato para participar en el programa. <\/p>\n\n\n\n<p>\u201cEl da\u00f1o producido por el tabaco es acumulativo\ny se mantiene hasta por 15 a\u00f1os aunque se deje de fumar. Es por eso que los\ngrandes fumadores mantienen elevado el riesgo de presentar c\u00e1ncer y se deben\nmantener en control por al menos 15 a\u00f1os tras abandonar el tabaco\u201d, puntualiza\nel doctor Patricio Salas, cirujano de t\u00f3rax de Red de Salud UC CHRISTUS. <\/p>\n\n\n\n<p>\u201cCuando el c\u00e1ncer pulmonar comienza a dar\ns\u00edntomas como tos persistente, tos con sangre, disfon\u00eda, ruido al respirar, voz\nronca o dificultad para respirar, suele estar en una etapa avanzada, lo que\nhace m\u00e1s dif\u00edcil el tratamiento y disminuye las expectativas de sobrevida. La\ncalculadora permite dirigir el programa a la poblaci\u00f3n de mayor riesgo, que son\nprincipalmente personas entre 55 y 75 a\u00f1os, que han fumado 30 paquetes a\u00f1o en\nforma activa o que lo hayan dejado hace menos de 15 a\u00f1os y presenten un estado\nde salud relativamente estable para tolerar el tratamiento\u201d, dice el\nespecialista.<\/p>\n\n\n\n<p><strong>Datos epidemiol\u00f3gicos:<\/strong><\/p>\n\n\n\n<ul class=\"wp-block-list\"><li>En\nChile, 7.881 personas son diagnosticadas de c\u00e1ncer pulmonar al a\u00f1o.<\/li><li>El\ntabaquismo cobra la vida de 45 chilenos diariamente.&nbsp; <\/li><li>Seg\u00fan\nla \u00daltima Encuesta Nacional de Salud, en nuestro pa\u00eds el 33,3%% de la poblaci\u00f3n\nmayor de 15 datos a\u00f1os es fumadora.<\/li><li>De\ncontinuar la tendencia actual, se espera que el n\u00famero de muertes atribuible a\nenfermedades por consumo de cigarrillos para 2025, alcance los 10 millones de\npersonas por a\u00f1o en el mundo. <\/li><\/ul>\n\n\n\n<figure class=\"wp-block-image\"><img loading=\"lazy\" decoding=\"async\" width=\"900\" height=\"600\" src=\"https:\/\/www.radiopresidenteibanez.cl\/web\/wp-content\/uploads\/2019\/05\/GettyImages-956944362.jpg\" alt=\"\" class=\"wp-image-4687\" srcset=\"https:\/\/www.radiopresidenteibanez.cl\/web\/wp-content\/uploads\/2019\/05\/GettyImages-956944362.jpg 900w, https:\/\/www.radiopresidenteibanez.cl\/web\/wp-content\/uploads\/2019\/05\/GettyImages-956944362-300x200.jpg 300w, https:\/\/www.radiopresidenteibanez.cl\/web\/wp-content\/uploads\/2019\/05\/GettyImages-956944362-768x512.jpg 768w\" sizes=\"auto, (max-width: 900px) 100vw, 900px\" \/><figcaption>Paper dolls, parents and daughter. Daddy doll have burned lungs. Their hands hold hands with their daughter. There are burned cigarettes butts.<\/figcaption><\/figure>\n","protected":false},"excerpt":{"rendered":"<p>Ser un fumador activo por varios a\u00f1os es el principal factor de riesgo de c\u00e1ncer pulmonar. Este peligro aumenta con el consumo diario de cigarrillos durante muchos a\u00f1os -aunque sea&#8230; <a class=\"read-more\" href=\"https:\/\/www.radiopresidenteibanez.cl\/web\/ahora-se-puede-calcular-el-riesgo-de-padecer-cancer-pulmonar\/\">Leer m\u00e1s<\/a><\/p>\n","protected":false},"author":2,"featured_media":4687,"comment_status":"closed","ping_status":"closed","sticky":false,"template":"","format":"standard","meta":{"footnotes":""},"categories":[1],"tags":[],"class_list":["post-4686","post","type-post","status-publish","format-standard","has-post-thumbnail","hentry","category-cronica"],"_links":{"self":[{"href":"https:\/\/www.radiopresidenteibanez.cl\/web\/wp-json\/wp\/v2\/posts\/4686","targetHints":{"allow":["GET"]}}],"collection":[{"href":"https:\/\/www.radiopresidenteibanez.cl\/web\/wp-json\/wp\/v2\/posts"}],"about":[{"href":"https:\/\/www.radiopresidenteibanez.cl\/web\/wp-json\/wp\/v2\/types\/post"}],"author":[{"embeddable":true,"href":"https:\/\/www.radiopresidenteibanez.cl\/web\/wp-json\/wp\/v2\/users\/2"}],"replies":[{"embeddable":true,"href":"https:\/\/www.radiopresidenteibanez.cl\/web\/wp-json\/wp\/v2\/comments?post=4686"}],"version-history":[{"count":0,"href":"https:\/\/www.radiopresidenteibanez.cl\/web\/wp-json\/wp\/v2\/posts\/4686\/revisions"}],"wp:featuredmedia":[{"embeddable":true,"href":"https:\/\/www.radiopresidenteibanez.cl\/web\/wp-json\/wp\/v2\/media\/4687"}],"wp:attachment":[{"href":"https:\/\/www.radiopresidenteibanez.cl\/web\/wp-json\/wp\/v2\/media?parent=4686"}],"wp:term":[{"taxonomy":"category","embeddable":true,"href":"https:\/\/www.radiopresidenteibanez.cl\/web\/wp-json\/wp\/v2\/categories?post=4686"},{"taxonomy":"post_tag","embeddable":true,"href":"https:\/\/www.radiopresidenteibanez.cl\/web\/wp-json\/wp\/v2\/tags?post=4686"}],"curies":[{"name":"wp","href":"https:\/\/api.w.org\/{rel}","templated":true}]}}