{"id":4683,"date":"2019-05-31T19:36:58","date_gmt":"2019-05-31T19:36:58","guid":{"rendered":"http:\/\/www.radiopresidenteibanez.cl\/web\/?p=4683"},"modified":"2019-05-31T19:37:13","modified_gmt":"2019-05-31T19:37:13","slug":"magallanes-sera-pionera-en-conformar-el-consejo-de-la-sociedad-civil-de-sence","status":"publish","type":"post","link":"https:\/\/www.radiopresidenteibanez.cl\/web\/magallanes-sera-pionera-en-conformar-el-consejo-de-la-sociedad-civil-de-sence\/","title":{"rendered":"MAGALLANES SER\u00c1 PIONERA EN CONFORMAR EL CONSEJO DE LA SOCIEDAD CIVIL DE SENCE"},"content":{"rendered":"\n<p>Desde esta semana, la\nautoridad laboral, en conjunto con representantes del Servicio Nacional de\nCapacitaci\u00f3n y Empleo (Sence), est\u00e1 haciendo un especial llamado a todas las\norganizaciones sociales, sindicatos, asociaciones sin fines de lucro a\ninscribirse para conformar el primer Consejo de la Sociedad Civil (Cosoc) que\ntendr\u00e1 el servicio fuera de la zona Metropolitana y donde Magallanes fue elegida\ncomo la primera de las regiones a nivel nacional en su conformaci\u00f3n.<\/p>\n\n\n\n<p>El llamado Cosov es\nuna instancia de participaci\u00f3n ciudadana, donde quienes lo conforman -que\npueden ser miembros de diferentes asociaciones sin fines de lucro relacionadas\no interesadas en tem\u00e1ticas de empleo y capacitaci\u00f3n- ser\u00e1n parte de un consejo\nconsultivo para la toma de decisiones del servicio en estas materias.<\/p>\n\n\n\n<p>De ah\u00ed la importancia\nde esta invitaci\u00f3n, seg\u00fan explic\u00f3 la Seremi del Trabajo, Victoria Cort\u00e9s\nSchiattino. \u201cEsta semana recibimos la visita del encargado nacional del Cosoc\nde Sence, Marcos Zamora, quien vino para hacer difusi\u00f3n de este primer Consejo\nde la Sociedad Civil que tendr\u00e1n las regiones. Magallanes fue elegida como la\nprimera para conformar esta instancia ciudadana que busca conectar al Sence con\nla comunidad, haci\u00e9ndola parte de sus decisiones\u201d.<\/p>\n\n\n\n<p>\u201cEl gobierno del\nPresidente Sebasti\u00e1n Pi\u00f1era busca que la ciudadan\u00eda tenga una participaci\u00f3n\nactiva en nuestros servicios, especialmente en uno relacionado con materias tan\ndemandadas e importantes como son la capacitaci\u00f3n laboral y empleabilidad, como\nes Sence, en el que necesitamos nutrirnos de los requerimientos de los\nmagall\u00e1nicos. Por eso, es importante este llamado que hacemos para que las\norganizaciones locales se interesen en ser parte de este consejo\u201d, agreg\u00f3\nCort\u00e9s.<\/p>\n\n\n\n<p>Dentro de las \u00e1reas\nque podr\u00e1 abordar el Cosoc, una vez conformado, se encuentran las tem\u00e1ticas\nligadas a: Capacitaci\u00f3n de los trabajadores a trav\u00e9s de diferentes programas\nsociales, Sistema de fomento a la empleabilidad, Intermediaci\u00f3n laboral y\nProcesos de evaluaci\u00f3n y certificaci\u00f3n de competencias laborales, entre otras.<\/p>\n\n\n\n<p>De acuerdo a lo explicado por profesionales de Sence Magallanes, durante la pr\u00f3xima semana se habilitar\u00e1 un banner especial en el sitio web del servicio (<a href=\"http:\/\/www.sence.cl\">www.sence.cl<\/a>) en el que se podr\u00e1 acceder a toda la informaci\u00f3n sobre las formas de inscripci\u00f3n y proceso de conformaci\u00f3n del Cosoc. No obstante, por lo pronto, quienes est\u00e9n interesados, pueden desde ya acercarse a las oficinas del Sence, ubicadas en Magallanes N\u00b0538, Punta Arenas.<\/p>\n\n\n\n<figure class=\"wp-block-image\"><img loading=\"lazy\" decoding=\"async\" width=\"1024\" height=\"768\" src=\"https:\/\/www.radiopresidenteibanez.cl\/web\/wp-content\/uploads\/2019\/05\/IMG_014-1024x768.jpg\" alt=\"\" class=\"wp-image-4684\" srcset=\"https:\/\/www.radiopresidenteibanez.cl\/web\/wp-content\/uploads\/2019\/05\/IMG_014.jpg 1024w, https:\/\/www.radiopresidenteibanez.cl\/web\/wp-content\/uploads\/2019\/05\/IMG_014-300x225.jpg 300w, https:\/\/www.radiopresidenteibanez.cl\/web\/wp-content\/uploads\/2019\/05\/IMG_014-768x576.jpg 768w\" sizes=\"auto, (max-width: 1024px) 100vw, 1024px\" \/><\/figure>\n","protected":false},"excerpt":{"rendered":"<p>Desde esta semana, la autoridad laboral, en conjunto con representantes del Servicio Nacional de Capacitaci\u00f3n y Empleo (Sence), est\u00e1 haciendo un especial llamado a todas las organizaciones sociales, sindicatos, asociaciones&#8230; <a class=\"read-more\" href=\"https:\/\/www.radiopresidenteibanez.cl\/web\/magallanes-sera-pionera-en-conformar-el-consejo-de-la-sociedad-civil-de-sence\/\">Leer m\u00e1s<\/a><\/p>\n","protected":false},"author":2,"featured_media":4684,"comment_status":"closed","ping_status":"closed","sticky":false,"template":"","format":"standard","meta":{"footnotes":""},"categories":[1],"tags":[],"class_list":["post-4683","post","type-post","status-publish","format-standard","has-post-thumbnail","hentry","category-cronica"],"_links":{"self":[{"href":"https:\/\/www.radiopresidenteibanez.cl\/web\/wp-json\/wp\/v2\/posts\/4683","targetHints":{"allow":["GET"]}}],"collection":[{"href":"https:\/\/www.radiopresidenteibanez.cl\/web\/wp-json\/wp\/v2\/posts"}],"about":[{"href":"https:\/\/www.radiopresidenteibanez.cl\/web\/wp-json\/wp\/v2\/types\/post"}],"author":[{"embeddable":true,"href":"https:\/\/www.radiopresidenteibanez.cl\/web\/wp-json\/wp\/v2\/users\/2"}],"replies":[{"embeddable":true,"href":"https:\/\/www.radiopresidenteibanez.cl\/web\/wp-json\/wp\/v2\/comments?post=4683"}],"version-history":[{"count":0,"href":"https:\/\/www.radiopresidenteibanez.cl\/web\/wp-json\/wp\/v2\/posts\/4683\/revisions"}],"wp:featuredmedia":[{"embeddable":true,"href":"https:\/\/www.radiopresidenteibanez.cl\/web\/wp-json\/wp\/v2\/media\/4684"}],"wp:attachment":[{"href":"https:\/\/www.radiopresidenteibanez.cl\/web\/wp-json\/wp\/v2\/media?parent=4683"}],"wp:term":[{"taxonomy":"category","embeddable":true,"href":"https:\/\/www.radiopresidenteibanez.cl\/web\/wp-json\/wp\/v2\/categories?post=4683"},{"taxonomy":"post_tag","embeddable":true,"href":"https:\/\/www.radiopresidenteibanez.cl\/web\/wp-json\/wp\/v2\/tags?post=4683"}],"curies":[{"name":"wp","href":"https:\/\/api.w.org\/{rel}","templated":true}]}}