{"id":46827,"date":"2024-03-06T10:44:00","date_gmt":"2024-03-06T13:44:00","guid":{"rendered":"https:\/\/www.radiopresidenteibanez.cl\/web\/?p=46827"},"modified":"2024-03-06T08:48:13","modified_gmt":"2024-03-06T11:48:13","slug":"recordamos-a-jazzista-wayne-shorter-en-el-ultimo-tren-a-casa","status":"publish","type":"post","link":"https:\/\/www.radiopresidenteibanez.cl\/web\/recordamos-a-jazzista-wayne-shorter-en-el-ultimo-tren-a-casa\/","title":{"rendered":"RECORDAMOS A JAZZISTA WAYNE SHORTER EN EL \u00daLTIMO TREN A CASA"},"content":{"rendered":"\n<p>Este jueves 7 de marzo a partir de las 19 hrs. el programa&nbsp;<em>\u201cEl \u00faltimo tren a casa\u201d<\/em>&nbsp;que produce el&nbsp;<em>Colectivo Aczi\u00f3n Kultural<\/em>&nbsp;y que conduce&nbsp;<em>Pedro Guichapany<\/em>&nbsp;en Radio Presidente Ib\u00e1\u00f1ez presenta una edici\u00f3n dedicada al saxofonista y compositor estadounidense WAYNE SHORTER, fallecido hace un a\u00f1o el 2 de marzo de 2023.<\/p>\n\n\n\n<p><em>Wayne Shorter<\/em>&nbsp;fue uno de los m\u00fasicos de jazz m\u00e1s influyentes de forma permanente a lo largo de su carrera. Heredero de&nbsp;<em>John Coltrane<\/em>, su m\u00fasica se encuadra dentro del&nbsp;<em>post-bop<\/em>, realiz\u00f3 aportes fundamentales al desarrollo del&nbsp;<em>hard bop<\/em>, del&nbsp;<em>jazz modal<\/em>&nbsp;y de la&nbsp;<em>fusi\u00f3n<\/em>, incluso a\u00f1adi\u00f3 en sus \u00faltimos discos un toque&nbsp;<em>funk<\/em>. Su influencia en muchos artistas que surgieron en los 80 (como&nbsp;<em>Branford Marsalis<\/em>) ha sido considerable sobre la base de su trabajo de los a\u00f1os 60 y 70.<\/p>\n\n\n\n<p>Experto tanto en el saxo soprano como en el tenor, sonaba diferente seg\u00fan tocase uno u otro. Con el saxo tenor sonaba estricto y cerebral, mientras que con el soprano se volv\u00eda m\u00e1s l\u00edrico y sensible.&nbsp;<\/p>\n\n\n\n<p>Como compositor&nbsp;<em>Wayne Shorter<\/em>&nbsp;fue conocido por sus melod\u00edas concebidas con cuidado, complejas y extensas, muchas de las cuales se han convertido en est\u00e1ndares del jazz.<\/p>\n\n\n\n<p>En 1958, comenz\u00f3 a improvisar en el club de jazz con&nbsp;<em>John Coltrane<\/em>&nbsp;y&nbsp;<em>Sonny Rollins<\/em>.\u200b Al a\u00f1o siguiente, se uni\u00f3 a los&nbsp;<em>Jazz Messengers de Art Blakey<\/em>, con quienes estuvo hasta 1963, tras haber sido su director musical en algunos momentos. Durante ese periodo con&nbsp;<em>Art Blakey<\/em>, hizo su debut como l\u00edder grabando algunos discos para el sello de Chicago&nbsp;<em>Vee-Jay<\/em>. Tras varias tentativas,&nbsp;<em>Miles Davis<\/em>&nbsp;consigui\u00f3 que se uniese a su quinteto en septiembre de 1964.<\/p>\n\n\n\n<p>En noviembre de 1970 forma junto con&nbsp;<em>Joe Zawinul<\/em>&nbsp;y&nbsp;<em>Miroslav Vitous<\/em>&nbsp;el grupo&nbsp;<strong>Weather Report<\/strong>, donde tras un comienzo impetuoso el toque de Shorter se hizo m\u00e1s mel\u00f3dico y poco a poco m\u00e1s subordinado a los conceptos de&nbsp;<em>Zawinul<\/em>. Por entonces, tocaba sobre todo el saxo soprano, aunque a finales de la carrera del grupo volvi\u00f3 a tocar el tenor.<\/p>\n\n\n\n<p>En el programa se entregar\u00e1 su quinto disco solista&nbsp;<em>\u201cJu Ju\u201d<\/em>&nbsp;de 1964 donde&nbsp;<em>Wayne Shorter<\/em>&nbsp;interpreta saxo tenor;&nbsp;<em>McCoy Tyner<\/em>&nbsp;en piano;&nbsp;<em>Reggie Workman<\/em>&nbsp;en contrabajo y cierra el cuarteto el gran baterista&nbsp;<em>Elvin Jones.<\/em><\/p>\n","protected":false},"excerpt":{"rendered":"<p>Este jueves 7 de marzo a partir de las 19 hrs. el programa&nbsp;\u201cEl \u00faltimo tren a casa\u201d&nbsp;que produce el&nbsp;Colectivo Aczi\u00f3n Kultural&nbsp;y que conduce&nbsp;Pedro Guichapany&nbsp;en Radio Presidente Ib\u00e1\u00f1ez presenta una edici\u00f3n&#8230; <a class=\"read-more\" href=\"https:\/\/www.radiopresidenteibanez.cl\/web\/recordamos-a-jazzista-wayne-shorter-en-el-ultimo-tren-a-casa\/\">Leer m\u00e1s<\/a><\/p>\n","protected":false},"author":2,"featured_media":46828,"comment_status":"closed","ping_status":"closed","sticky":false,"template":"","format":"standard","meta":{"footnotes":""},"categories":[1],"tags":[],"class_list":["post-46827","post","type-post","status-publish","format-standard","has-post-thumbnail","hentry","category-cronica"],"_links":{"self":[{"href":"https:\/\/www.radiopresidenteibanez.cl\/web\/wp-json\/wp\/v2\/posts\/46827","targetHints":{"allow":["GET"]}}],"collection":[{"href":"https:\/\/www.radiopresidenteibanez.cl\/web\/wp-json\/wp\/v2\/posts"}],"about":[{"href":"https:\/\/www.radiopresidenteibanez.cl\/web\/wp-json\/wp\/v2\/types\/post"}],"author":[{"embeddable":true,"href":"https:\/\/www.radiopresidenteibanez.cl\/web\/wp-json\/wp\/v2\/users\/2"}],"replies":[{"embeddable":true,"href":"https:\/\/www.radiopresidenteibanez.cl\/web\/wp-json\/wp\/v2\/comments?post=46827"}],"version-history":[{"count":0,"href":"https:\/\/www.radiopresidenteibanez.cl\/web\/wp-json\/wp\/v2\/posts\/46827\/revisions"}],"wp:featuredmedia":[{"embeddable":true,"href":"https:\/\/www.radiopresidenteibanez.cl\/web\/wp-json\/wp\/v2\/media\/46828"}],"wp:attachment":[{"href":"https:\/\/www.radiopresidenteibanez.cl\/web\/wp-json\/wp\/v2\/media?parent=46827"}],"wp:term":[{"taxonomy":"category","embeddable":true,"href":"https:\/\/www.radiopresidenteibanez.cl\/web\/wp-json\/wp\/v2\/categories?post=46827"},{"taxonomy":"post_tag","embeddable":true,"href":"https:\/\/www.radiopresidenteibanez.cl\/web\/wp-json\/wp\/v2\/tags?post=46827"}],"curies":[{"name":"wp","href":"https:\/\/api.w.org\/{rel}","templated":true}]}}