{"id":46824,"date":"2024-03-06T09:19:00","date_gmt":"2024-03-06T12:19:00","guid":{"rendered":"https:\/\/www.radiopresidenteibanez.cl\/web\/?p=46824"},"modified":"2024-03-06T09:48:17","modified_gmt":"2024-03-06T12:48:17","slug":"analizaron-ley-que-determina-nuevas-exigenciaspara-la-obtencion-de-la-libertad-condicional","status":"publish","type":"post","link":"https:\/\/www.radiopresidenteibanez.cl\/web\/analizaron-ley-que-determina-nuevas-exigenciaspara-la-obtencion-de-la-libertad-condicional\/","title":{"rendered":"ANALIZARON LEY QUE DETERMINA NUEVAS EXIGENCIAS PARA LA OBTENCI\u00d3N DE LA LIBERTAD CONDICIONAL"},"content":{"rendered":"\n<p>El equipo t\u00e9cnico regional de Gendarmer\u00eda, profesionales del \u00e1rea de reinserci\u00f3n social y personal<br>de O.R.M.C.P.P. (Oficina de Registro, Movimiento y Control de Poblaci\u00f3n Penal) de las unidades<br>penales de la regi\u00f3n recibieron una actualizaci\u00f3n sobre las \u00faltimas modificaciones legales<br>realizadas al proceso de libertad condicional (Ley N\u00b021.627, del 9 de noviembre de 2023). Esto, en<br>un trabajo coordinado con la Defensor\u00eda Penal P\u00fablica, en el marco de las actividades de la Mesa<br>de Libertad Condicional.<br>Aquella instancia, coordinada desde la Serem\u00eda de Justicia y DD.HH., estuvo a cargo del abogado<br>Rodrigo Lillo Vera, Jefe de la Unidad Regional de Estudios de la Defensor\u00eda Penal P\u00fablica, junto a<br>Priscila V\u00e1squez Casanova, Defensora Penitenciaria de la Regi\u00f3n de Magallanes. Como resultado,<br>se logr\u00f3 un productivo an\u00e1lisis de las \u00faltimas reformas en torno al proceso del proceso de libertad<br>condicional, que se remiten a una serie de iniciativas de procesos legislativos anteriores, cuyo<br>objeto era limitar dicho beneficio, para reducir una sensaci\u00f3n de impunidad en virtud de su<br>otorgamiento.<br>Tales propuestas, que fueron agrupadas durante 2023, dieron origen a estas modificaciones.<br>\u201cAlgunas de ellas, como lo discutimos con los funcionarios, no modifican demasiado el proceso de<br>libertad condicional, porque son cosas que se estaban haciendo, y la modificaci\u00f3n m\u00e1s relevante es<br>la participaci\u00f3n de la v\u00edctima, pero que no queda tan claro en la ley c\u00f3mo y hacia d\u00f3nde opera esta<br>participaci\u00f3n\u201d, subray\u00f3 Lillo. En la oportunidad, entre otras iniciativas, se abord\u00f3 una modificaci\u00f3n<br>que implica cambios en los tiempos de postulaci\u00f3n, todo ello en procura de aunar criterios con<br>miras a su ya pr\u00f3xima ejecuci\u00f3n y avanzar en el entendimiento de estas nuevas normas, teniendo<br>como fondo el proceso de reinserci\u00f3n social.<br>Todo ello, para que el trabajo en coordinaci\u00f3n sea m\u00e1s expedito y sin se\u00f1ales confusas, siendo lo<br>m\u00e1s importante \u201caunar criterios y enfoques hacia d\u00f3nde estamos, y qu\u00e9 hace que el proceso de<br>reinserci\u00f3n social y el tema carcelario funcione m\u00e1s focalizado hacia una idea, entonces me parece<br>muy importante este tipo de actividades\u201d.<br>A su vez, Daniela D\u00edaz, Coordinadora Regional del Sistema Cerrado de la direcci\u00f3n regional de<br>Gendarmer\u00eda, destac\u00f3 el trabajo coordinado con la Defensor\u00eda Penal P\u00fablica, a trav\u00e9s de una<\/p>\n\n\n\n<p>instancia que les permiti\u00f3 recibir una actualizaci\u00f3n sobre las \u00faltimas modificaciones legales<br>realizadas al proceso de libertad condicional y aclarar diversas dudas.<br>\u201cLa idea es poder generar estas instancias de coordinaci\u00f3n donde puedan participar las \u00e1reas<br>involucradas en los procesos de postulaci\u00f3n de libertad condicional, es primera vez que se hace en<br>conjunto con la Defensor\u00eda Penal P\u00fablica, y ha sido un trabajo bien gratificante, porque nunca<br>hab\u00edamos tenido una instancia en que pudi\u00e9semos compartir las visiones de cada \u00e1rea\u201d, subray\u00f3.<br>La Seremi de Justicia y DD.HH., Michelle Peutat Alvarado, valor\u00f3 esta coordinaci\u00f3n din\u00e1mica como<br>sector Justicia para abordar las modificaciones en la normativa legal, toda vez que en marzo-abril<br>tendr\u00e1 lugar el primer proceso de postulaci\u00f3n en este nuevo escenario, debiendo las instituciones<br>participantes trabajar de acuerdo a la nueva ley.<br>Respecto a las modificaciones, se establece que el informe de postulaci\u00f3n a libertad condicional<br>que emite Gendarmer\u00eda debe ser considerado como \u00abantecedente calificado\u00bb por la Comisi\u00f3n de<br>Libertad Condicional, debiendo \u00e9ste informar sobre beneficios intrapenitenciarios, especialmente<br>revocaciones. Establece plazos especiales para volver a postular en casos de personas condenadas<br>a presidio perpetuo y aumenta delitos para los que el tiempo m\u00ednimo es de dos tercios de la pena.<br>En otro orden, las v\u00edctimas deber\u00e1n ser informadas cuando sus victimarios hayan postulado a<br>beneficio penitenciario, y podr\u00e1n hacer alegaciones ante la Comisi\u00f3n. El juez encargado de la<br>ejecuci\u00f3n de pena deber\u00e1 ser informado del otorgamiento de permisos de salida, y en algunos<br>casos le corresponder\u00e1 autorizarlos.<\/p>\n","protected":false},"excerpt":{"rendered":"<p>El equipo t\u00e9cnico regional de Gendarmer\u00eda, profesionales del \u00e1rea de reinserci\u00f3n social y personalde O.R.M.C.P.P. (Oficina de Registro, Movimiento y Control de Poblaci\u00f3n Penal) de las unidadespenales de la regi\u00f3n&#8230; <a class=\"read-more\" href=\"https:\/\/www.radiopresidenteibanez.cl\/web\/analizaron-ley-que-determina-nuevas-exigenciaspara-la-obtencion-de-la-libertad-condicional\/\">Leer m\u00e1s<\/a><\/p>\n","protected":false},"author":2,"featured_media":46825,"comment_status":"closed","ping_status":"closed","sticky":false,"template":"","format":"standard","meta":{"footnotes":""},"categories":[1],"tags":[],"class_list":["post-46824","post","type-post","status-publish","format-standard","has-post-thumbnail","hentry","category-cronica"],"_links":{"self":[{"href":"https:\/\/www.radiopresidenteibanez.cl\/web\/wp-json\/wp\/v2\/posts\/46824","targetHints":{"allow":["GET"]}}],"collection":[{"href":"https:\/\/www.radiopresidenteibanez.cl\/web\/wp-json\/wp\/v2\/posts"}],"about":[{"href":"https:\/\/www.radiopresidenteibanez.cl\/web\/wp-json\/wp\/v2\/types\/post"}],"author":[{"embeddable":true,"href":"https:\/\/www.radiopresidenteibanez.cl\/web\/wp-json\/wp\/v2\/users\/2"}],"replies":[{"embeddable":true,"href":"https:\/\/www.radiopresidenteibanez.cl\/web\/wp-json\/wp\/v2\/comments?post=46824"}],"version-history":[{"count":0,"href":"https:\/\/www.radiopresidenteibanez.cl\/web\/wp-json\/wp\/v2\/posts\/46824\/revisions"}],"wp:featuredmedia":[{"embeddable":true,"href":"https:\/\/www.radiopresidenteibanez.cl\/web\/wp-json\/wp\/v2\/media\/46825"}],"wp:attachment":[{"href":"https:\/\/www.radiopresidenteibanez.cl\/web\/wp-json\/wp\/v2\/media?parent=46824"}],"wp:term":[{"taxonomy":"category","embeddable":true,"href":"https:\/\/www.radiopresidenteibanez.cl\/web\/wp-json\/wp\/v2\/categories?post=46824"},{"taxonomy":"post_tag","embeddable":true,"href":"https:\/\/www.radiopresidenteibanez.cl\/web\/wp-json\/wp\/v2\/tags?post=46824"}],"curies":[{"name":"wp","href":"https:\/\/api.w.org\/{rel}","templated":true}]}}