{"id":46820,"date":"2024-03-06T08:08:33","date_gmt":"2024-03-06T11:08:33","guid":{"rendered":"https:\/\/www.radiopresidenteibanez.cl\/web\/?p=46820"},"modified":"2024-03-06T08:16:23","modified_gmt":"2024-03-06T11:16:23","slug":"un-centenar-de-empresas-acuden-a-encuentro-sobre-nuevas-normativas-laborales","status":"publish","type":"post","link":"https:\/\/www.radiopresidenteibanez.cl\/web\/un-centenar-de-empresas-acuden-a-encuentro-sobre-nuevas-normativas-laborales\/","title":{"rendered":"UN CENTENAR DE EMPRESAS ACUDEN A ENCUENTRO SOBRE NUEVAS NORMATIVAS LABORALES"},"content":{"rendered":"\n<p>Un masivo encuentro con empresas sostuvieron las<br>autoridades de la cartera del Trabajo, con m\u00e1s de cien representantes que participaron de una<br>charla sobre las nuevas normativas laborales que entrar\u00e1n en vigencia durante este a\u00f1o.<br>La actividad organizada por el Instituto de Seguridad del Trabajo (IST), junto a la SEREMI del<br>Trabajo y con apoyo de Zona Austral, cont\u00f3 con la presencia de profesionales de la Direcci\u00f3n<br>regional del Trabajo, del Servicio Nacional de Capacitaci\u00f3n y Empleo (Sence) Magallanes y de<br>Chilevalora, quienes explicaron a los presentes los detalles en materia de la reducci\u00f3n de jornada<br>laboral a 44 horas, la aplicaci\u00f3n concreta del Convenio 190 y la Ley Karin. Adem\u00e1s, se expuso sobre<br>el sistema de certificaci\u00f3n de competencias laborales y cursos de capacitaci\u00f3n para este a\u00f1o.<br>As\u00ed lo expuso la SEREMI del Trabajo, Doris Sandoval Miranda, \u201cestamos convencidos de la<br>necesidad de desarrollar acciones de car\u00e1cter colaborativo entre el Estado y el mundo privado. Por<br>eso, junto a Zona Austral y el IST realizamos esta actividad mancomunada para poder conversar<br>con los empleadores y empleadoras adheridos al ist sobre las grandes transformaciones que trae<br>para el 2024 la normativa laboral\u201d.<br>\u201cQueremos poner a disposici\u00f3n de los empleadores y empleadoras toda la informaci\u00f3n necesaria<br>relativa a ley 40 horas, ley de conciliaci\u00f3n, Convenio 190, capacitaciones, etc, porque creemos<br>firmemente que estas acciones preventivas y de formaci\u00f3n en normativa laboral podr\u00e1 construir<br>un 2024 con m\u00e1s armon\u00eda para enfrentar estos desaf\u00edos\u201d, a\u00f1adi\u00f3 la Seremi.<br>En el marco de esta instancia de di\u00e1logo e informaci\u00f3n, la gerenta zonal del IST, Pamela Mu\u00f1oz<br>S\u00e1nchez, expuso la necesidad de llevar la normativa laboral, de primera fuente, a las empresas.<br>\u201cPara nosotros es un orgullo estar, una vez m\u00e1s, en actividades comunitarias que nos permiten<br>hacer un trabajo colaborativo. Como esta instancia de estar con la seremi del Trabajo y las<br>empresas, haciendo una labor para la comunidad, que tiene que ver con el cuidado de la vida que<br>es lo que nos moviliza. Esta importante actividad tiene que ver con las nuevas normativas que<br>est\u00e1n entrando en vigencia para que las empresas sepan de qu\u00e9 se trata y qu\u00e9 mejor que con la<br>autoridad que entrega esta informaci\u00f3n, que es la Seremi del Trabajo y sus servicios relacionados\u201d,<br>recalc\u00f3.<\/p>\n\n\n\n<p>Por su parte, la gerenta de negocios de Sociedad de Rentas Inmobiliarias (SRI), concesionaria de<br>Zona Franca, Vanessa Simunovic, destac\u00f3 la colaboraci\u00f3n de entidades p\u00fablicas y privadas para ir<br>en favor de la comunidad magall\u00e1nica.<br>\u201cTenemos un gran programa de actividades que van en beneficio de la comunidad y lo vemos el<br>d\u00eda de hoy junto a entidades distintas de diversa \u00edndole -p\u00fablicas y privadas- para las cuales hemos<br>accedido con nuestros espacios para el desarrollo de esta actividad con empresas. Recordemos<br>que Zona franca es uno de los puntos con mayor cantidad de empresas y trabajadores que se<br>desempe\u00f1an en la regi\u00f3n y por eso estas instancias son tan relevantes para nosotros\u201d, expres\u00f3.<br>Como anuncio, la autoridad laboral, inform\u00f3 que el pr\u00f3ximo 11 de marzo, a partir de las 14:30<br>horas, se desarrollar\u00e1 un nuevo encuentro, esta vez, dirigido a mujeres sindicalistas y<br>emprendedoras, en el marco de la conmemoraci\u00f3n de un nuevo D\u00eda Internacional de la Mujer. La<br>instancia ser\u00e1 organizada nuevamente en colaboraci\u00f3n entre la Seremi del Trabajo, Zona Austral y<br>el IST y su objetivo ser\u00e1 de dotar de mayores herramientas para el ejercicio del liderazgo de<br>mujeres magall\u00e1nicas.<\/p>\n","protected":false},"excerpt":{"rendered":"<p>Un masivo encuentro con empresas sostuvieron lasautoridades de la cartera del Trabajo, con m\u00e1s de cien representantes que participaron de unacharla sobre las nuevas normativas laborales que entrar\u00e1n en vigencia&#8230; <a class=\"read-more\" href=\"https:\/\/www.radiopresidenteibanez.cl\/web\/un-centenar-de-empresas-acuden-a-encuentro-sobre-nuevas-normativas-laborales\/\">Leer m\u00e1s<\/a><\/p>\n","protected":false},"author":2,"featured_media":46821,"comment_status":"closed","ping_status":"closed","sticky":false,"template":"","format":"standard","meta":{"footnotes":""},"categories":[1],"tags":[],"class_list":["post-46820","post","type-post","status-publish","format-standard","has-post-thumbnail","hentry","category-cronica"],"_links":{"self":[{"href":"https:\/\/www.radiopresidenteibanez.cl\/web\/wp-json\/wp\/v2\/posts\/46820","targetHints":{"allow":["GET"]}}],"collection":[{"href":"https:\/\/www.radiopresidenteibanez.cl\/web\/wp-json\/wp\/v2\/posts"}],"about":[{"href":"https:\/\/www.radiopresidenteibanez.cl\/web\/wp-json\/wp\/v2\/types\/post"}],"author":[{"embeddable":true,"href":"https:\/\/www.radiopresidenteibanez.cl\/web\/wp-json\/wp\/v2\/users\/2"}],"replies":[{"embeddable":true,"href":"https:\/\/www.radiopresidenteibanez.cl\/web\/wp-json\/wp\/v2\/comments?post=46820"}],"version-history":[{"count":0,"href":"https:\/\/www.radiopresidenteibanez.cl\/web\/wp-json\/wp\/v2\/posts\/46820\/revisions"}],"wp:featuredmedia":[{"embeddable":true,"href":"https:\/\/www.radiopresidenteibanez.cl\/web\/wp-json\/wp\/v2\/media\/46821"}],"wp:attachment":[{"href":"https:\/\/www.radiopresidenteibanez.cl\/web\/wp-json\/wp\/v2\/media?parent=46820"}],"wp:term":[{"taxonomy":"category","embeddable":true,"href":"https:\/\/www.radiopresidenteibanez.cl\/web\/wp-json\/wp\/v2\/categories?post=46820"},{"taxonomy":"post_tag","embeddable":true,"href":"https:\/\/www.radiopresidenteibanez.cl\/web\/wp-json\/wp\/v2\/tags?post=46820"}],"curies":[{"name":"wp","href":"https:\/\/api.w.org\/{rel}","templated":true}]}}