{"id":4680,"date":"2019-05-31T19:30:18","date_gmt":"2019-05-31T19:30:18","guid":{"rendered":"http:\/\/www.radiopresidenteibanez.cl\/web\/?p=4680"},"modified":"2019-05-31T19:30:50","modified_gmt":"2019-05-31T19:30:50","slug":"con-muestra-de-instrumental-clinico-historico-sector-salud-celebro-el-dia-del-patrimonio-en-salud-2019","status":"publish","type":"post","link":"https:\/\/www.radiopresidenteibanez.cl\/web\/con-muestra-de-instrumental-clinico-historico-sector-salud-celebro-el-dia-del-patrimonio-en-salud-2019\/","title":{"rendered":"CON MUESTRA DE INSTRUMENTAL CL\u00cdNICO HIST\u00d3RICO, SECTOR SALUD CELEBR\u00d3 EL D\u00cdA DEL PATRIMONIO EN SALUD 2019"},"content":{"rendered":"\n<p>Como parte de las\nacciones de Conmemoraci\u00f3n del D\u00eda Nacional del Patrimonio de Salud 2019, cuyo\nlema este a\u00f1o es \u201cAyer y hoy\u2026 aportes de las especialidades m\u00e9dicas en la Salud\nP\u00fablica de Chile\u201d, la SEREMI, el Servicio de Salud y el Hospital Cl\u00ednico de\nMagallanes (HCM) organizaron una Exposici\u00f3n de Instrumental Cl\u00ednico Hist\u00f3rico\nen el pasillo principal del establecimiento de salud y que estar\u00e1 disponible\npara la toda la comunidad de Punta Arenas hasta el viernes 31 de mayo. <\/p>\n\n\n\n<p>La muestra busca\ndar a conocer equipamiento antiguo y con historia que fue utilizado en el\nHospital Regional y luego en el Hospital Cl\u00ednico de Magallanes, para que a\ntrav\u00e9s de su presentaci\u00f3n, se pueda resaltar y dar a conocer el avance que ha\ntenido a lo largo de los a\u00f1os la salud en Magallanes. En la muestra se puede\napreciar registros fotogr\u00e1ficos de anta\u00f1o, reanimadores y libros de partos de\nla d\u00e9cada del 70 y sill\u00f3n odontol\u00f3gico usado en los a\u00f1os 30; entre otras\nreliquias. <\/p>\n\n\n\n<p>La Seremi de Salud\nde Magallanes Mariela Rojas, se\u00f1al\u00f3 que: \u201cEsta muestra refleja el inter\u00e9s del\nMinisterio de Salud&nbsp; de mostrar el origen\nde la salud en Chile&nbsp; y dentro de eso el\n\u00edcono es el HCM. Hemos querido mostrar algunos instrumentos, algunos equipos\nque se usaron en la inauguraci\u00f3n de este Hospital&nbsp; para que vean todo lo que ha pasado y&nbsp; a lo que se ha podido llegar, en la\nmodernidad que estamos ahora y que todav\u00eda lo que tenemos que desarrollar. Esto\nes una exposici\u00f3n que se ha montado con el esfuerzo del HCM, Servicio de Salud\nMagallanes y SEREMI de Salud. La idea es que toda la gente vea testimonios como\nlos libros de nacimiento del a\u00f1o 1962 y otros equipamientos y as\u00ed conocer&nbsp; parte de nuestros or\u00edgenes de la Salud en\nChile\u201d.<\/p>\n\n\n\n<p>En tanto, Sadoc\nRam\u00edrez, Director (S) HCM agreg\u00f3 que: \u201cInvitamos a la comunidad a conocer parte\nde nuestra historia, c\u00f3mo la salud ha ido evolucionando, particularmente en\nnuestro hospital y como nos hemos ido modernizando desde el punto de vista de\nequipamiento e instrumental, adem\u00e1s de registro fotogr\u00e1fico que data de la\nd\u00e9cada del 30 que muestra el equipo humano de esa \u00e9poca, por tanto es\nimportante abrir este espacio para la comunidad y que \u00e9sta se haga part\u00edcipe de\ntodo esta evoluci\u00f3n porque tambi\u00e9n es parte\u201d.<\/p>\n\n\n\n<p>En esa l\u00ednea el Dr. Mat\u00edas Vieira, Pediatra\u00a0 y Encargado Unidad de Patrimonio HCM, puntualiz\u00f3 que: \u201cA trav\u00e9s de los libros de partos expuestos hoy podemos ver la cantidad de patolog\u00edas que ten\u00edan las embarazadas de cuando llegaban a urgencias, sarampi\u00f3n o tuberculosis; cosas que ahora no se ven.\u00a0 Hoy podemos ver instrumental odontol\u00f3gico, oftalmol\u00f3gico, cardiol\u00f3gico, y algunas cosas que a\u00fan est\u00e1n en uso como los medidores de beb\u00e9s, que a pesar de su antig\u00fcedad siguen siendo muy \u00fatiles hasta el d\u00eda de hoy.\u201d<\/p>\n\n\n\n<figure class=\"wp-block-image\"><img loading=\"lazy\" decoding=\"async\" width=\"1024\" height=\"683\" src=\"https:\/\/www.radiopresidenteibanez.cl\/web\/wp-content\/uploads\/2019\/05\/ROD_7077-Copiar-1024x683.jpg\" alt=\"\" class=\"wp-image-4681\" srcset=\"https:\/\/www.radiopresidenteibanez.cl\/web\/wp-content\/uploads\/2019\/05\/ROD_7077-Copiar-1024x683.jpg 1024w, https:\/\/www.radiopresidenteibanez.cl\/web\/wp-content\/uploads\/2019\/05\/ROD_7077-Copiar-300x200.jpg 300w, https:\/\/www.radiopresidenteibanez.cl\/web\/wp-content\/uploads\/2019\/05\/ROD_7077-Copiar-768x512.jpg 768w, https:\/\/www.radiopresidenteibanez.cl\/web\/wp-content\/uploads\/2019\/05\/ROD_7077-Copiar.jpg 1152w\" sizes=\"auto, (max-width: 1024px) 100vw, 1024px\" \/><\/figure>\n","protected":false},"excerpt":{"rendered":"<p>Como parte de las acciones de Conmemoraci\u00f3n del D\u00eda Nacional del Patrimonio de Salud 2019, cuyo lema este a\u00f1o es \u201cAyer y hoy\u2026 aportes de las especialidades m\u00e9dicas en la&#8230; <a class=\"read-more\" href=\"https:\/\/www.radiopresidenteibanez.cl\/web\/con-muestra-de-instrumental-clinico-historico-sector-salud-celebro-el-dia-del-patrimonio-en-salud-2019\/\">Leer m\u00e1s<\/a><\/p>\n","protected":false},"author":2,"featured_media":4681,"comment_status":"closed","ping_status":"closed","sticky":false,"template":"","format":"standard","meta":{"footnotes":""},"categories":[1],"tags":[],"class_list":["post-4680","post","type-post","status-publish","format-standard","has-post-thumbnail","hentry","category-cronica"],"_links":{"self":[{"href":"https:\/\/www.radiopresidenteibanez.cl\/web\/wp-json\/wp\/v2\/posts\/4680","targetHints":{"allow":["GET"]}}],"collection":[{"href":"https:\/\/www.radiopresidenteibanez.cl\/web\/wp-json\/wp\/v2\/posts"}],"about":[{"href":"https:\/\/www.radiopresidenteibanez.cl\/web\/wp-json\/wp\/v2\/types\/post"}],"author":[{"embeddable":true,"href":"https:\/\/www.radiopresidenteibanez.cl\/web\/wp-json\/wp\/v2\/users\/2"}],"replies":[{"embeddable":true,"href":"https:\/\/www.radiopresidenteibanez.cl\/web\/wp-json\/wp\/v2\/comments?post=4680"}],"version-history":[{"count":0,"href":"https:\/\/www.radiopresidenteibanez.cl\/web\/wp-json\/wp\/v2\/posts\/4680\/revisions"}],"wp:featuredmedia":[{"embeddable":true,"href":"https:\/\/www.radiopresidenteibanez.cl\/web\/wp-json\/wp\/v2\/media\/4681"}],"wp:attachment":[{"href":"https:\/\/www.radiopresidenteibanez.cl\/web\/wp-json\/wp\/v2\/media?parent=4680"}],"wp:term":[{"taxonomy":"category","embeddable":true,"href":"https:\/\/www.radiopresidenteibanez.cl\/web\/wp-json\/wp\/v2\/categories?post=4680"},{"taxonomy":"post_tag","embeddable":true,"href":"https:\/\/www.radiopresidenteibanez.cl\/web\/wp-json\/wp\/v2\/tags?post=4680"}],"curies":[{"name":"wp","href":"https:\/\/api.w.org\/{rel}","templated":true}]}}