{"id":46787,"date":"2024-03-04T17:39:00","date_gmt":"2024-03-04T20:39:00","guid":{"rendered":"https:\/\/www.radiopresidenteibanez.cl\/web\/?p=46787"},"modified":"2024-03-04T15:37:34","modified_gmt":"2024-03-04T18:37:34","slug":"equipos-educativos-de-integra-magallanes-participan-en-jornadas-de-formacion-nacional-para-la-calidad-educativa","status":"publish","type":"post","link":"https:\/\/www.radiopresidenteibanez.cl\/web\/equipos-educativos-de-integra-magallanes-participan-en-jornadas-de-formacion-nacional-para-la-calidad-educativa\/","title":{"rendered":"EQUIPOS EDUCATIVOS DE INTEGRA MAGALLANES PARTICIPAN EN JORNADAS DE FORMACION NACIONAL PARA LA CALIDAD EDUCATIVA"},"content":{"rendered":"\n<p>Previo al inicio del a\u00f1o parvulario, que comienza el pr\u00f3ximo 05 de marzo, los equipos educativos<br>de Fundaci\u00f3n Integra de la regi\u00f3n de Magallanes participan en diferentes actividades de<br>capacitaci\u00f3n nacional enmarcadas en el Sistema de Formaci\u00f3n Continua \u201cAprendes\u201d, que buscan<br>aportar a la calidad educativa, fortaleciendo pr\u00e1cticas pedag\u00f3gicas y robusteciendo la reflexi\u00f3n<br>cr\u00edtica y permanente.<br>El pasado 28 de febrero se inici\u00f3 el segundo a\u00f1o de la Formaci\u00f3n Bienal 2023-2024, cuyo tema es<br>\u201cComunidades educativas en acci\u00f3n: remirando y redise\u00f1ando nuestro quehacer en atenci\u00f3n a<br>la diversidad\u201d, con un seminario online que cont\u00f3 con la participaci\u00f3n del director ejecutivo de<br>Fundaci\u00f3n Integra, Carlos Gonz\u00e1lez Rivas; la directora nacional de Educaci\u00f3n, Marcela Fontecilla; y<br>la decana de la Facultad de Educaci\u00f3n de la Udla, Mar\u00eda Jes\u00fas Honorato.<br>En este seminario se revis\u00f3 la Metodolog\u00eda CenA (\u201cComunidades en Acci\u00f3n\u201d conformadas por<br>integrantes de los equipos educativos) y, posteriormente, cada CenA retom\u00f3 su trabajo<br>identificando una problem\u00e1tica en torno a la pr\u00e1ctica pedag\u00f3gica inclusiva, para luego dise\u00f1ar<br>l\u00edneas de acci\u00f3n y organizar su implementaci\u00f3n. Esta jornada fue acompa\u00f1ada por el \u00e1rea de<br>Calidad, cuyos equipos se desplegaron en los diferentes establecimientos del territorio.<br>\u00abLa Metodolog\u00eda CenA ofrece un modelo de mejora continua para que los equipos&nbsp;desarrollen una<br>pr\u00e1ctica reflexiva permanente, en la que todos los integrantes, como agentes de cambio social,<br>aportan desde su mirada y su rol&nbsp;en la mejora de&nbsp;las pr\u00e1cticas pedag\u00f3gicas y educativas en el<br>jard\u00edn infantil, la cual se espera que sea utilizada en diversas instancias de reflexi\u00f3n y toma de<br>decisiones durante el a\u00f1o\u00bb, afirm\u00f3 el director regional de Fundaci\u00f3n Integra, Alan Carrasco<br>Concha.<br>\u201cEsta instancia de formaci\u00f3n para nosotras como equipo ha sido un proceso de mucho aprendizaje<br>y reflexi\u00f3n, que nos ha permitido identificar los desaf\u00edos propios de nuestra comunidad educativa<br>para as\u00ed fortalecer y mejorar nuestras pr\u00e1cticas pedag\u00f3gicas, siempre dispuestas en nuestro foco<br>que son las ni\u00f1as y ni\u00f1os\u201d, destac\u00f3 Charlotte Cofr\u00e9 Araneda, educadora del jard\u00edn infantil<br>Hitipan.<br>Asimismo, el jueves 29 de febrero las directoras y educadoras formaron parte de una jornada de<br>Formaci\u00f3n Especializada, cuyo prop\u00f3sito fue compartir un espacio sensible y reflexivo, abordando<br>el protagonismo de las ni\u00f1as y ni\u00f1os en sus aprendizajes y la responsabilidad del rol profesional<\/p>\n\n\n\n<p>en el&nbsp;desarrollo de pr\u00e1cticas pedag\u00f3gicas de calidad que garanticen el cumplimiento de sus<br>derechos en la etapa m\u00e1s sensible de la formaci\u00f3n del ser humano. En este seminario online<br>expuso la presidenta de Fundaci\u00f3n Integra, Dra. Mar\u00eda Victoria Peralta.<br>Con 33 a\u00f1os de experiencia y m\u00e1s de 1.200 salas cuna y jardines infantiles gratuitos en todo el<br>pa\u00eds, Fundaci\u00f3n Integra trabaja para lograr el desarrollo integral, bienestar y aprendizajes<br>significativos de ni\u00f1os y ni\u00f1as, poniendo a su disposici\u00f3n espacios educativos diversos,<br>estimulantes y de calidad.<\/p>\n","protected":false},"excerpt":{"rendered":"<p>Previo al inicio del a\u00f1o parvulario, que comienza el pr\u00f3ximo 05 de marzo, los equipos educativosde Fundaci\u00f3n Integra de la regi\u00f3n de Magallanes participan en diferentes actividades decapacitaci\u00f3n nacional enmarcadas&#8230; <a class=\"read-more\" href=\"https:\/\/www.radiopresidenteibanez.cl\/web\/equipos-educativos-de-integra-magallanes-participan-en-jornadas-de-formacion-nacional-para-la-calidad-educativa\/\">Leer m\u00e1s<\/a><\/p>\n","protected":false},"author":2,"featured_media":46788,"comment_status":"closed","ping_status":"closed","sticky":false,"template":"","format":"standard","meta":{"footnotes":""},"categories":[1],"tags":[],"class_list":["post-46787","post","type-post","status-publish","format-standard","has-post-thumbnail","hentry","category-cronica"],"_links":{"self":[{"href":"https:\/\/www.radiopresidenteibanez.cl\/web\/wp-json\/wp\/v2\/posts\/46787","targetHints":{"allow":["GET"]}}],"collection":[{"href":"https:\/\/www.radiopresidenteibanez.cl\/web\/wp-json\/wp\/v2\/posts"}],"about":[{"href":"https:\/\/www.radiopresidenteibanez.cl\/web\/wp-json\/wp\/v2\/types\/post"}],"author":[{"embeddable":true,"href":"https:\/\/www.radiopresidenteibanez.cl\/web\/wp-json\/wp\/v2\/users\/2"}],"replies":[{"embeddable":true,"href":"https:\/\/www.radiopresidenteibanez.cl\/web\/wp-json\/wp\/v2\/comments?post=46787"}],"version-history":[{"count":0,"href":"https:\/\/www.radiopresidenteibanez.cl\/web\/wp-json\/wp\/v2\/posts\/46787\/revisions"}],"wp:featuredmedia":[{"embeddable":true,"href":"https:\/\/www.radiopresidenteibanez.cl\/web\/wp-json\/wp\/v2\/media\/46788"}],"wp:attachment":[{"href":"https:\/\/www.radiopresidenteibanez.cl\/web\/wp-json\/wp\/v2\/media?parent=46787"}],"wp:term":[{"taxonomy":"category","embeddable":true,"href":"https:\/\/www.radiopresidenteibanez.cl\/web\/wp-json\/wp\/v2\/categories?post=46787"},{"taxonomy":"post_tag","embeddable":true,"href":"https:\/\/www.radiopresidenteibanez.cl\/web\/wp-json\/wp\/v2\/tags?post=46787"}],"curies":[{"name":"wp","href":"https:\/\/api.w.org\/{rel}","templated":true}]}}