{"id":4678,"date":"2019-05-31T19:05:31","date_gmt":"2019-05-31T19:05:31","guid":{"rendered":"http:\/\/www.radiopresidenteibanez.cl\/web\/?p=4678"},"modified":"2019-05-31T19:06:01","modified_gmt":"2019-05-31T19:06:01","slug":"conductor-de-grave-atropello-fue-dejado-en-libertar-a-la-espera-de-la-investigacion-correspondiente","status":"publish","type":"post","link":"https:\/\/www.radiopresidenteibanez.cl\/web\/conductor-de-grave-atropello-fue-dejado-en-libertar-a-la-espera-de-la-investigacion-correspondiente\/","title":{"rendered":"CONDUCTOR DE GRAVE ATROPELLO FUE DEJADO EN LIBERTAR A LA ESPERA DE LA INVESTIGACI\u00d3N CORRESPONDIENTE"},"content":{"rendered":"\n<p>Durante la tarde de ayer jueves lleg\u00f3 hasta las dependencias del Cuartel de la PDI de Punta Arenas, un hombre de 37 a\u00f1os de edad, de iniciales C.A.B.M., asegurando ser el responsable del atropello ocurrido la noche del mi\u00e9rcoles pasado en la esquina de calle Err\u00e1zuriz y avenida Espa\u00f1a, del que result\u00f3 con grave lesiones un hombre que permanece en la UTI del hospital cl\u00ednico de Magallanes a\u00fan como NN sin ser identificado.<\/p>\n\n\n\n<p>Tras la\ndetenci\u00f3n realizada luego de la declaraci\u00f3n voluntaria, personal del\nLaboratorio de Criminal\u00edstica de Carabineros (Labocar), se traslad\u00f3 hasta una\nparcela del sector Rinc\u00f3n Chileno, lugar donde seg\u00fan lo declar\u00f3 el autor\nconfeso del atropello se encontraba el autom\u00f3vil que particip\u00f3 en el accidente.<\/p>\n\n\n\n<p>En horas de este viernes fue puesto a disposici\u00f3n de la justicia la que formaliz\u00f3 la investigaci\u00f3n del grave atropello luego de esto el detenido fue puesto en libertad, a la espera de los distintos antecedentes.<\/p>\n\n\n\n<figure class=\"wp-block-image\"><img loading=\"lazy\" decoding=\"async\" width=\"1024\" height=\"540\" src=\"http:\/\/www.radiopresidenteibanez.cl\/web\/wp-content\/uploads\/2019\/01\/panoramica-punta-arenas-1024x540.jpg\" alt=\"\" class=\"wp-image-740\" srcset=\"https:\/\/www.radiopresidenteibanez.cl\/web\/wp-content\/uploads\/2019\/01\/panoramica-punta-arenas-1024x540.jpg 1024w, https:\/\/www.radiopresidenteibanez.cl\/web\/wp-content\/uploads\/2019\/01\/panoramica-punta-arenas-300x158.jpg 300w, https:\/\/www.radiopresidenteibanez.cl\/web\/wp-content\/uploads\/2019\/01\/panoramica-punta-arenas-768x405.jpg 768w, https:\/\/www.radiopresidenteibanez.cl\/web\/wp-content\/uploads\/2019\/01\/panoramica-punta-arenas.jpg 1440w\" sizes=\"auto, (max-width: 1024px) 100vw, 1024px\" \/><\/figure>\n","protected":false},"excerpt":{"rendered":"<p>Durante la tarde de ayer jueves lleg\u00f3 hasta las dependencias del Cuartel de la PDI de Punta Arenas, un hombre de 37 a\u00f1os de edad, de iniciales C.A.B.M., asegurando ser&#8230; <a class=\"read-more\" href=\"https:\/\/www.radiopresidenteibanez.cl\/web\/conductor-de-grave-atropello-fue-dejado-en-libertar-a-la-espera-de-la-investigacion-correspondiente\/\">Leer m\u00e1s<\/a><\/p>\n","protected":false},"author":2,"featured_media":740,"comment_status":"closed","ping_status":"closed","sticky":false,"template":"","format":"standard","meta":{"footnotes":""},"categories":[1],"tags":[],"class_list":["post-4678","post","type-post","status-publish","format-standard","has-post-thumbnail","hentry","category-cronica"],"_links":{"self":[{"href":"https:\/\/www.radiopresidenteibanez.cl\/web\/wp-json\/wp\/v2\/posts\/4678","targetHints":{"allow":["GET"]}}],"collection":[{"href":"https:\/\/www.radiopresidenteibanez.cl\/web\/wp-json\/wp\/v2\/posts"}],"about":[{"href":"https:\/\/www.radiopresidenteibanez.cl\/web\/wp-json\/wp\/v2\/types\/post"}],"author":[{"embeddable":true,"href":"https:\/\/www.radiopresidenteibanez.cl\/web\/wp-json\/wp\/v2\/users\/2"}],"replies":[{"embeddable":true,"href":"https:\/\/www.radiopresidenteibanez.cl\/web\/wp-json\/wp\/v2\/comments?post=4678"}],"version-history":[{"count":0,"href":"https:\/\/www.radiopresidenteibanez.cl\/web\/wp-json\/wp\/v2\/posts\/4678\/revisions"}],"wp:featuredmedia":[{"embeddable":true,"href":"https:\/\/www.radiopresidenteibanez.cl\/web\/wp-json\/wp\/v2\/media\/740"}],"wp:attachment":[{"href":"https:\/\/www.radiopresidenteibanez.cl\/web\/wp-json\/wp\/v2\/media?parent=4678"}],"wp:term":[{"taxonomy":"category","embeddable":true,"href":"https:\/\/www.radiopresidenteibanez.cl\/web\/wp-json\/wp\/v2\/categories?post=4678"},{"taxonomy":"post_tag","embeddable":true,"href":"https:\/\/www.radiopresidenteibanez.cl\/web\/wp-json\/wp\/v2\/tags?post=4678"}],"curies":[{"name":"wp","href":"https:\/\/api.w.org\/{rel}","templated":true}]}}