{"id":46778,"date":"2024-03-04T13:43:00","date_gmt":"2024-03-04T16:43:00","guid":{"rendered":"https:\/\/www.radiopresidenteibanez.cl\/web\/?p=46778"},"modified":"2024-03-04T11:31:45","modified_gmt":"2024-03-04T14:31:45","slug":"segegob-e-instituciones-de-gobierno-lograron-acercar-los-servicios-publicos-a-vecinos-de-distintos-barrios-de-punta-arenas","status":"publish","type":"post","link":"https:\/\/www.radiopresidenteibanez.cl\/web\/segegob-e-instituciones-de-gobierno-lograron-acercar-los-servicios-publicos-a-vecinos-de-distintos-barrios-de-punta-arenas\/","title":{"rendered":"SEGEGOB E INSTITUCIONES DE GOBIERNO LOGRARON ACERCAR LOS SERVICIOS PUBLICOS A VECINOS DE DISTINTOS BARRIOS DE PUNTA ARENAS"},"content":{"rendered":"\n<p>A trav\u00e9s de MovilizaDOS, perteneciente al Ministerio Secretar\u00eda General de Gobierno, y su Divisi\u00f3n<br>de Organizaciones Sociales, m\u00e1s de 500 personas de Punta Arenas, recibieron atenci\u00f3n de salud,<br>capacitaci\u00f3n para sus emprendimientos, y algunas charlas educativas para aprender a consumir<br>una alimentaci\u00f3n m\u00e1s saludable, entre otras atenciones. Todo esto gracias al compromiso de las<br>instituciones de Gobierno, que en alianza con Segegob, llevaron estos servicios p\u00fablicos a distintos<br>barrios de la ciudad.<br>\u201cEl Presidente Gabriel Boric, nos ha mandatado el estar constantemente en el territorio,<br>cubriendo los distintos espacios para entregar nuestra oferta program\u00e1tica, y es lo que<br>principalmente hicimos durante la temporada de verano, a trav\u00e9s de la Divisi\u00f3n de Organizaciones<br>Sociales (DOS), y su encargado, Daniel Oyarzo, logrando llegar con m\u00e1s de 500 atenciones para<br>usuarias y usuarios de la comuna de Punta Arenas, a trav\u00e9s del mam\u00f3grafo m\u00f3vil en los sectores<br>periurbanos, por ejemplo, o en conjunto con el Servicio de Cooperaci\u00f3n T\u00e9cnica , acercando su<br>oferta program\u00e1tica a las distintas Juntas de Vecinos, y llevando el plan estrat\u00e9gico de prevenci\u00f3n<br>y control del VIH Sida, entonces es muy importante este despliegue territorial\u201d, explic\u00f3 el seremi<br>de Gobierno, Andro Mimica.<br>Con el Servicio de Salud y el programa Gesti\u00f3n Social Local de la Delegaci\u00f3n Presidencial Regional,<br>se logr\u00f3 llevar el mam\u00f3grafo m\u00f3vil hasta los sectores periurbanos de la ciudad, logrando realizar<br>este importante trabajo preventivo a m\u00e1s de 100 usuarias, de dichos sectores, tales como Mina<br>Loreto, Andino, Ojo Bueno, Punta Prat, Monte Verde, Llau-Llau, Loteo Varilla, Robledal y R\u00edo de los<br>Ciervos, entre muchos otros.<br>Mar\u00eda Cristina Mancilla, vecina de este \u00faltimo sector, expres\u00f3 que \u201cfue muy valiosa la iniciativa,<br>porque mucha de la gente que se atendi\u00f3 en mi sector, estaba esperando hora hace bastante<br>tiempo, para sacarse la mamograf\u00eda. Y gracias a esto, el sistema fue muy \u00e1gil, expedito, y la gente<br>qued\u00f3 muy contenta\u201d. Mar\u00eda Cristina agreg\u00f3 que \u201ceste examen no deja de ser muy importante y<br>muchas mujeres por tiempo, por espera, y una serie de otros factores, no acuden a hac\u00e9rselo,<br>porque no tienen la posibilidad de que sea un servicio r\u00e1pido. Adem\u00e1s descongestiona el exceso<br>de usuarios en los Cesfam o el hospital\u201d.<br>En el caso de Sercotec, la directora del servicio, Natasha Alarc\u00f3n, reconoci\u00f3 la apertura que est\u00e1<br>teniendo la instituci\u00f3n, en relaci\u00f3n a la entrega de la oferta de sus fondos para iniciar un negocio o<br>emprendimiento. Junto a la DOS, Sercotec logr\u00f3 presentar su oferta en barrios de las Juntas de<br>Vecinos Nelda Panicucci, Villa Generosa, Archipi\u00e9lago de Chilo\u00e9, El Ping\u00fcino, Nueva<br>Independencia, Juan Pablo Segundo, Rene Schneider, Barrio Prat, Villa Las Nieves, Ra\u00fal Silva<br>Henr\u00edquez, R\u00edos Patag\u00f3nicos y Jardines de la Patagonia, entre muchos otros.<\/p>\n\n\n\n<p>Daniel Oyarzo, encargado de la Divisi\u00f3n de Organizaciones Sociales, explic\u00f3 que \u201ctanto las vecinas<br>y vecinos, como las dirigencias de los barrios y sectores periurbanos de la ciudad, est\u00e1n muy<br>contentos, porque han visto, principalmente en el caso de Sercotec, que la instituci\u00f3n ha salido de<br>lo que era tradicional, que era convocar en el centro de la ciudad, y principalmente a los<br>representantes del mundo del emprendimiento. Ahora esta instituci\u00f3n se ha movilizado a las<br>poblaciones para entregar su oferta p\u00fablica, y hemos tenido una muy alta concurrencia, tambi\u00e9n<br>por la facilidad que hemos otorgado con un horario post laboral, lo cual ha facilitado para que las<br>personas puedan acceder a esta informaci\u00f3n\u201d.<br>Durante el mes de marzo est\u00e1 programada m\u00e1s entrega de servicios, relacionados esta vez con un<br>MovilizaDOS para adultos mayores, el cual contar\u00e1 con la presencia del SII para explicar los<br>beneficios tributarios, y el IPS-Chile Atiende, para exponer las ayudas que tiene el Ministerio del<br>Trabajo y Previsi\u00f3n Social, entre otros muchos apoyos del Gobierno, enfocados exclusivamente a<br>este grupo etario de la comunidad. M\u00e1s informaci\u00f3n acerca de esta instancia se podr\u00e1 encontrar<br>en las redes sociales de la Secretaria Regional de Gobierno, Vocer\u00eda Magallanes.<\/p>\n","protected":false},"excerpt":{"rendered":"<p>A trav\u00e9s de MovilizaDOS, perteneciente al Ministerio Secretar\u00eda General de Gobierno, y su Divisi\u00f3nde Organizaciones Sociales, m\u00e1s de 500 personas de Punta Arenas, recibieron atenci\u00f3n de salud,capacitaci\u00f3n para sus emprendimientos,&#8230; <a class=\"read-more\" href=\"https:\/\/www.radiopresidenteibanez.cl\/web\/segegob-e-instituciones-de-gobierno-lograron-acercar-los-servicios-publicos-a-vecinos-de-distintos-barrios-de-punta-arenas\/\">Leer m\u00e1s<\/a><\/p>\n","protected":false},"author":2,"featured_media":46779,"comment_status":"closed","ping_status":"closed","sticky":false,"template":"","format":"standard","meta":{"footnotes":""},"categories":[1],"tags":[],"class_list":["post-46778","post","type-post","status-publish","format-standard","has-post-thumbnail","hentry","category-cronica"],"_links":{"self":[{"href":"https:\/\/www.radiopresidenteibanez.cl\/web\/wp-json\/wp\/v2\/posts\/46778","targetHints":{"allow":["GET"]}}],"collection":[{"href":"https:\/\/www.radiopresidenteibanez.cl\/web\/wp-json\/wp\/v2\/posts"}],"about":[{"href":"https:\/\/www.radiopresidenteibanez.cl\/web\/wp-json\/wp\/v2\/types\/post"}],"author":[{"embeddable":true,"href":"https:\/\/www.radiopresidenteibanez.cl\/web\/wp-json\/wp\/v2\/users\/2"}],"replies":[{"embeddable":true,"href":"https:\/\/www.radiopresidenteibanez.cl\/web\/wp-json\/wp\/v2\/comments?post=46778"}],"version-history":[{"count":0,"href":"https:\/\/www.radiopresidenteibanez.cl\/web\/wp-json\/wp\/v2\/posts\/46778\/revisions"}],"wp:featuredmedia":[{"embeddable":true,"href":"https:\/\/www.radiopresidenteibanez.cl\/web\/wp-json\/wp\/v2\/media\/46779"}],"wp:attachment":[{"href":"https:\/\/www.radiopresidenteibanez.cl\/web\/wp-json\/wp\/v2\/media?parent=46778"}],"wp:term":[{"taxonomy":"category","embeddable":true,"href":"https:\/\/www.radiopresidenteibanez.cl\/web\/wp-json\/wp\/v2\/categories?post=46778"},{"taxonomy":"post_tag","embeddable":true,"href":"https:\/\/www.radiopresidenteibanez.cl\/web\/wp-json\/wp\/v2\/tags?post=46778"}],"curies":[{"name":"wp","href":"https:\/\/api.w.org\/{rel}","templated":true}]}}