{"id":4675,"date":"2019-05-31T18:57:08","date_gmt":"2019-05-31T18:57:08","guid":{"rendered":"http:\/\/www.radiopresidenteibanez.cl\/web\/?p=4675"},"modified":"2019-05-31T18:57:28","modified_gmt":"2019-05-31T18:57:28","slug":"umag-ya-tiene-federacion-de-estudiantes-la-que-sera-presidida-por-nikos-ortega","status":"publish","type":"post","link":"https:\/\/www.radiopresidenteibanez.cl\/web\/umag-ya-tiene-federacion-de-estudiantes-la-que-sera-presidida-por-nikos-ortega\/","title":{"rendered":"UMAG YA TIENE FEDERACI\u00d3N DE ESTUDIANTES, LA QUE SER\u00c1 PRESIDIDA POR NIKOS ORTEGA"},"content":{"rendered":"\n<p>Una sola lista se inscribi\u00f3 para participar de las elecciones\na la Federaci\u00f3n de Estudiantes de la Universidad de Magallanes, la cual no s\u00e9\nencuentra compuesta desde el a\u00f1o 2016, en aquella ocasi\u00f3n Pamela Contreras fue\nelegida como presidenta de la Mesa Ejecutiva de la UMAG, cuya era un\nequivalente a la federaci\u00f3n, pero las decisiones se tomaban en asambleas\ncompuestas por carreras o facultades y no desde una directiva que uniera a\ntodas estas.<\/p>\n\n\n\n<p>Este a\u00f1o la lista que se inscribi\u00f3 el 15 de mayo fue\ndenominada \u201cMot\u00edvate\u201d est\u00e1 conformada por Nikos Ortega, como candidato a\npresidente; Macarena Mancisidor, vicepresidenta; Luisa Ortiz, secretaria\ngeneral; Robert Ramos, secretario de Finanzas; Aymara Moreno, secretaria de\nAsuntos Estudiantiles y Natcha Isabo, secretaria de Bienestar y Salud Mental.<\/p>\n\n\n\n<p>En este sentido el presidente del Tricel de la casa de\nestudios, Amaru Rogel, al ser consultado por la baja participaci\u00f3n electoral,\nmanifest\u00f3 que \u201cesto no solo sucede en la Umag, es cosa de mirar que pasa con\nlas actuales elecciones a nivel pa\u00eds y esto sin duda termina trascendiendo a\nlas y los alumnos, lamentablemente al no existir una mesa ejecutiva se fueron\nperdiendo muchas cosas a favor de los estudiantes\u201d.<\/p>\n\n\n\n<p>La lista \u201cMot\u00edvate\u201d liderada por Nikos Ortega, asumir\u00e1 la Federaci\u00f3n de Estudiantes de la Universidad de Magallanes, la cual buscar\u00e1 tener un mayor acercamiento con las autoridades del campo estudiantil, as\u00ed tambi\u00e9n abordar el abandon\u00f3 que han acusado en otras ocasiones por parte del estado.<\/p>\n\n\n\n<figure class=\"wp-block-image\"><img loading=\"lazy\" decoding=\"async\" width=\"936\" height=\"853\" src=\"https:\/\/www.radiopresidenteibanez.cl\/web\/wp-content\/uploads\/2019\/05\/60973078_2654466814623446_3355045090891399168_n.jpg\" alt=\"\" class=\"wp-image-4676\" srcset=\"https:\/\/www.radiopresidenteibanez.cl\/web\/wp-content\/uploads\/2019\/05\/60973078_2654466814623446_3355045090891399168_n.jpg 936w, https:\/\/www.radiopresidenteibanez.cl\/web\/wp-content\/uploads\/2019\/05\/60973078_2654466814623446_3355045090891399168_n-300x273.jpg 300w, https:\/\/www.radiopresidenteibanez.cl\/web\/wp-content\/uploads\/2019\/05\/60973078_2654466814623446_3355045090891399168_n-768x700.jpg 768w\" sizes=\"auto, (max-width: 936px) 100vw, 936px\" \/><\/figure>\n","protected":false},"excerpt":{"rendered":"<p>Una sola lista se inscribi\u00f3 para participar de las elecciones a la Federaci\u00f3n de Estudiantes de la Universidad de Magallanes, la cual no s\u00e9 encuentra compuesta desde el a\u00f1o 2016,&#8230; <a class=\"read-more\" href=\"https:\/\/www.radiopresidenteibanez.cl\/web\/umag-ya-tiene-federacion-de-estudiantes-la-que-sera-presidida-por-nikos-ortega\/\">Leer m\u00e1s<\/a><\/p>\n","protected":false},"author":2,"featured_media":4676,"comment_status":"closed","ping_status":"closed","sticky":false,"template":"","format":"standard","meta":{"footnotes":""},"categories":[1],"tags":[],"class_list":["post-4675","post","type-post","status-publish","format-standard","has-post-thumbnail","hentry","category-cronica"],"_links":{"self":[{"href":"https:\/\/www.radiopresidenteibanez.cl\/web\/wp-json\/wp\/v2\/posts\/4675","targetHints":{"allow":["GET"]}}],"collection":[{"href":"https:\/\/www.radiopresidenteibanez.cl\/web\/wp-json\/wp\/v2\/posts"}],"about":[{"href":"https:\/\/www.radiopresidenteibanez.cl\/web\/wp-json\/wp\/v2\/types\/post"}],"author":[{"embeddable":true,"href":"https:\/\/www.radiopresidenteibanez.cl\/web\/wp-json\/wp\/v2\/users\/2"}],"replies":[{"embeddable":true,"href":"https:\/\/www.radiopresidenteibanez.cl\/web\/wp-json\/wp\/v2\/comments?post=4675"}],"version-history":[{"count":0,"href":"https:\/\/www.radiopresidenteibanez.cl\/web\/wp-json\/wp\/v2\/posts\/4675\/revisions"}],"wp:featuredmedia":[{"embeddable":true,"href":"https:\/\/www.radiopresidenteibanez.cl\/web\/wp-json\/wp\/v2\/media\/4676"}],"wp:attachment":[{"href":"https:\/\/www.radiopresidenteibanez.cl\/web\/wp-json\/wp\/v2\/media?parent=4675"}],"wp:term":[{"taxonomy":"category","embeddable":true,"href":"https:\/\/www.radiopresidenteibanez.cl\/web\/wp-json\/wp\/v2\/categories?post=4675"},{"taxonomy":"post_tag","embeddable":true,"href":"https:\/\/www.radiopresidenteibanez.cl\/web\/wp-json\/wp\/v2\/tags?post=4675"}],"curies":[{"name":"wp","href":"https:\/\/api.w.org\/{rel}","templated":true}]}}