{"id":46740,"date":"2024-03-01T12:42:00","date_gmt":"2024-03-01T15:42:00","guid":{"rendered":"https:\/\/www.radiopresidenteibanez.cl\/web\/?p=46740"},"modified":"2024-03-01T10:31:15","modified_gmt":"2024-03-01T13:31:15","slug":"subdere-visita-tres-proyectos-de-reposicion-y-mejoramiento-de-espacios-publicos-en-puerto-natales","status":"publish","type":"post","link":"https:\/\/www.radiopresidenteibanez.cl\/web\/subdere-visita-tres-proyectos-de-reposicion-y-mejoramiento-de-espacios-publicos-en-puerto-natales\/","title":{"rendered":"SUBDERE VISITA TRES PROYECTOS DE REPOSICION Y MEJORAMIENTO DE ESPACIOS PUBLICOS EN PUERTO NATALES"},"content":{"rendered":"\n<p><strong>En el marco de la agenda en terreno que est\u00e1 llevando a cabo la subsecretaria de Desarrollo Regional y Administrativo (Subdere), Francisca Perales, en la Regi\u00f3n de Magallanes, durante la tarde de este jueves visit\u00f3 tres proyectos de mejoramiento y reposici\u00f3n de espacios p\u00fablicos en Puerto Natales que significaron una inversi\u00f3n de $615.696.375 con recursos a trav\u00e9s de la Subdere.<\/strong><\/p>\n\n\n\n<p><strong>\u201cHemos visitado las obras de los proyectos que hemos colaborado en conjunto con el municipio que son proyectos de recuperaci\u00f3n de espacios p\u00fablicos, que mejoran el alumbrado p\u00fablico tambi\u00e9n. Visitamos las nuevas luminarias de la Plaza de Armas de la comuna que sabemos que es muy significativo porque impacta muy positivamente en la vida de las personas\u201d, destac\u00f3 la subsecretaria Francisca Perales.<\/strong><\/p>\n\n\n\n<p><strong>\u201cLas nuevas luminarias van a permitirle al municipio un ahorro muy importante de los recursos en gastos de electricidad. Este es un trabajo que se ha sostenido y que al final del d\u00eda beneficia a los vecinos y vecinas de la comuna\u201d, a\u00f1adi\u00f3.<\/strong><\/p>\n\n\n\n<p><strong>Por su parte, la alcaldesa de Puerto Natales, Antonieta Oyarzo, se\u00f1al\u00f3 que \u201cdebo reconocer, valorar y agradecer todo el compromiso que ha tenido la subsecretaria tanto a nivel nacional como regional con lo que implica el poder acceder y facilitar la inversi\u00f3n p\u00fablica en nuestra comuna\u201d.<\/strong><\/p>\n\n\n\n<p><strong>El primer proyecto inaugurado fue el mejoramiento de la Plaza del Viento, espacio p\u00fablico muy concurrido y de uso masivo por parte de sus habitantes, que signific\u00f3 una inversi\u00f3n de $74.933.125 a trav\u00e9s del Programa de Mejoramiento Urbano y Equipamiento Comunal (PMU). Esta iniciativa contempl\u00f3 la reparaci\u00f3n de las barandas de contenci\u00f3n perimetrales de acero inoxidable, la aplicaci\u00f3n de pintura anticorrosiva en las estructuras met\u00e1licas, la reposici\u00f3n de cabos o perlones en la pasarela y muelle peatonal, mejoramiento de pavimentos, la instalaci\u00f3n de elementos para los skaters como rampas de partida, barandillas, reposici\u00f3n de rejillas de drenaje, tratamiento de pulido y sellado de elementos de madera, entre otras mejoras.<\/strong><\/p>\n\n\n\n<p><strong>Posteriormente, la subsecretaria visit\u00f3 la Plaza de Armas de Puerto Natales, que cont\u00f3 con una inversi\u00f3n de $272.210.000 a trav\u00e9s del Programa Mejoramiento de Barrios (PMB), para la reposici\u00f3n e instalaci\u00f3n del sistema de iluminaci\u00f3n de este espacio, en el que se recambiaron las luminarias perimetrales, ornamentales y proyectores interiores, como tambi\u00e9n el recambio de los postes que albergan estas luminarias. Adem\u00e1s, se incluy\u00f3 cableado nuevo e instalaci\u00f3n de luminarias sumergibles en la fuente de agua ubicada en esta plaza.<\/strong><\/p>\n\n\n\n<p><strong>\u201cAnteriormente este espacio estaba cerrado para la comunidad y no estaba bien iluminado, por lo tanto, el poder recuperarlo, cambiar las luminarias y recuperar la pileta es algo muy significativo para poder devolver este espacio a las vecinas y vecinos para que sea un lugar de encuentro\u201d, afirm\u00f3 la subsecretaria Francisca Perales.<\/strong><\/p>\n\n\n\n<p><strong>\u201cEstamos visitando nuestra Plaza de Armas que es un espacio muy valorado por los vecinos y vecinas y de todos quienes vivimos en esta hermosa comuna. Estamos mostrando c\u00f3mo se han invertido los recursos de la Subsecretar\u00eda de Desarrollo Regional y Administrativo\u201d, destac\u00f3 la alcaldesa Oyarzo.<\/strong><\/p>\n\n\n\n<p><strong>La otra iniciativa estrenada este jueves fue la reposici\u00f3n de las luminarias ornamentales en el centro de Puerto Natales, por medio del financiamiento del Programa Mejoramiento de Barrios (PMB) y con una inversi\u00f3n de $268.553.250 que permiti\u00f3 instalar 279 luminarias a\u00e9reas con tecnolog\u00eda LED (145 de columnas y mediante brazos). Con esto se ha mejorado el principal espacio p\u00fablico de Natales, donde se emplazan las zonas c\u00edvicas y comerciales, ubicadas en el cuadrante de las las calles Phillpi, Baquedano, Bulnes y Pedro Montt. Adem\u00e1s, se contempl\u00f3 la mejora tecnol\u00f3gica de los equipos instalados y as\u00ed ser m\u00e1s eficientes en el uso de energ\u00eda, como tambi\u00e9n garantizar la iluminaci\u00f3n completa de los lugares que abarca, propiciando mayor seguridad del espacio<\/strong><\/p>\n","protected":false},"excerpt":{"rendered":"<p>En el marco de la agenda en terreno que est\u00e1 llevando a cabo la subsecretaria de Desarrollo Regional y Administrativo (Subdere), Francisca Perales, en la Regi\u00f3n de Magallanes, durante la&#8230; <a class=\"read-more\" href=\"https:\/\/www.radiopresidenteibanez.cl\/web\/subdere-visita-tres-proyectos-de-reposicion-y-mejoramiento-de-espacios-publicos-en-puerto-natales\/\">Leer m\u00e1s<\/a><\/p>\n","protected":false},"author":2,"featured_media":46741,"comment_status":"closed","ping_status":"closed","sticky":false,"template":"","format":"standard","meta":{"footnotes":""},"categories":[1],"tags":[],"class_list":["post-46740","post","type-post","status-publish","format-standard","has-post-thumbnail","hentry","category-cronica"],"_links":{"self":[{"href":"https:\/\/www.radiopresidenteibanez.cl\/web\/wp-json\/wp\/v2\/posts\/46740","targetHints":{"allow":["GET"]}}],"collection":[{"href":"https:\/\/www.radiopresidenteibanez.cl\/web\/wp-json\/wp\/v2\/posts"}],"about":[{"href":"https:\/\/www.radiopresidenteibanez.cl\/web\/wp-json\/wp\/v2\/types\/post"}],"author":[{"embeddable":true,"href":"https:\/\/www.radiopresidenteibanez.cl\/web\/wp-json\/wp\/v2\/users\/2"}],"replies":[{"embeddable":true,"href":"https:\/\/www.radiopresidenteibanez.cl\/web\/wp-json\/wp\/v2\/comments?post=46740"}],"version-history":[{"count":0,"href":"https:\/\/www.radiopresidenteibanez.cl\/web\/wp-json\/wp\/v2\/posts\/46740\/revisions"}],"wp:featuredmedia":[{"embeddable":true,"href":"https:\/\/www.radiopresidenteibanez.cl\/web\/wp-json\/wp\/v2\/media\/46741"}],"wp:attachment":[{"href":"https:\/\/www.radiopresidenteibanez.cl\/web\/wp-json\/wp\/v2\/media?parent=46740"}],"wp:term":[{"taxonomy":"category","embeddable":true,"href":"https:\/\/www.radiopresidenteibanez.cl\/web\/wp-json\/wp\/v2\/categories?post=46740"},{"taxonomy":"post_tag","embeddable":true,"href":"https:\/\/www.radiopresidenteibanez.cl\/web\/wp-json\/wp\/v2\/tags?post=46740"}],"curies":[{"name":"wp","href":"https:\/\/api.w.org\/{rel}","templated":true}]}}