{"id":46737,"date":"2024-03-01T11:19:00","date_gmt":"2024-03-01T14:19:00","guid":{"rendered":"https:\/\/www.radiopresidenteibanez.cl\/web\/?p=46737"},"modified":"2024-03-01T09:46:53","modified_gmt":"2024-03-01T12:46:53","slug":"se-aprueba-paso-decisivo-hacia-la-autonomia-en-la-administracion-de-las-areas-silvestres-protegidas-de-magallanes","status":"publish","type":"post","link":"https:\/\/www.radiopresidenteibanez.cl\/web\/se-aprueba-paso-decisivo-hacia-la-autonomia-en-la-administracion-de-las-areas-silvestres-protegidas-de-magallanes\/","title":{"rendered":"SE APRUEBA PASO DECISIVO HACIA LA AUTONOMIA EN LA ADMINISTRACION DE LAS AREAS SILVESTRES PROTEGIDAS DE MAGALLANES"},"content":{"rendered":"\n<p>Los gremios del turismo en la regi\u00f3n celebraron la aprobaci\u00f3n un\u00e1nime por parte del Consejo Regional de Magallanes, que busca de la transferencia de competencias y atribuciones de las \u00c1reas Silvestres Protegidas, ASP de Magallanes al Gobierno Regional.<br>La iniciativa, que ser\u00e1 presentada al presidente de la Rep\u00fablica, Gabriel Boric, propone un traspaso<br>integral de competencias al GORE de Magallanes, abarcando la gesti\u00f3n de concesiones de bienes<br>nacionales y la administraci\u00f3n completa de las \u00e1reas protegidas.<br>\u201cPara el sector del turismo, es de vital importancia que este tipo de iniciativas sean aprobadas por<br>el Consejo Regional para ser propuestas a nivel central. Esperamos que puedan escalar todas las<br>instancias necesarias hasta llegar al presidente de la Rep\u00fablica. Magallanes merece tener la<br>administraci\u00f3n de las \u00c1reas Silvestres Protegidas, ya que en este momento estamos subsidiando<br>todas las \u00e1reas silvestres protegidas del pa\u00eds con 56% de los recursos totales que se requieren para<br>su administraci\u00f3n a nivel nacional. Es por eso que, si una parte de estos recursos se reinvertir\u00eda en<br>nuestras \u00e1reas protegidas, nuestra realidad ser\u00eda otra y contar\u00edamos con est\u00e1ndares \u00f3ptimos y<br>necesarios de funcionamiento\u201d, resalt\u00f3 Sara Adema, gerente de la Asociaci\u00f3n de Hoteles y<br>Servicios Tur\u00edsticos de Torres del Paine.<br>Asimismo, la gerente de la C\u00e1mara de Turismo de \u00daltima Esperanza, Adriana Aguila, a\u00f1adi\u00f3 que \u201cel<br>estado conservaci\u00f3n de las \u00c1reas Silvestres Protegidas de Magallanes es lo que motiva la visita de<br>muchos viajeros del mundo, por tanto, mantener el cuidado e invertir en mejores condiciones<br>para su adecuado uso p\u00fablico permite proyectar un mejor desarrollo para la regi\u00f3n. Esperamos<br>una respuesta positiva del presidente de Chile, ya que las ASP de Magallanes son el motor<br>productivo del sector al que representamos. Nos gustar\u00eda que esta iniciativa avance r\u00e1pido de la<br>manera favorable y que consideren la experiencia del sector privado en el modelo de gesti\u00f3n<br>administrativa que se proponga\u201d.<br>Junto con expresar que la presencia de los gremios en la votaci\u00f3n naci\u00f3 por voluntad propia, y<br>agradeci\u00f3 al consejero Riquelme que solicit\u00f3 un espacio para expresar las preocupaciones y<br>opiniones de los gremios en esa votaci\u00f3n tan relevante para el sector, la gerente de la Asociaci\u00f3n<br>Magall\u00e1nica de Empresas de Turismo Austro Chile, Silvia Mu\u00f1oz recalc\u00f3 que \u201cla votaci\u00f3n del d\u00eda de<br>hoy, fue el primer paso de la b\u00fasqueda de iniciativas que puedan lograr un mejor desarrollo y<br>cuidado en nuestras \u00c1reas Silvestres de la regi\u00f3n, lo que nos deja esperanzas reales para el futuro<br>del turismo en todo nuestro territorio regional\u201d.<br>Por \u00faltimo, es importante recalcar que los gremios del turismo manifiestan su convicci\u00f3n en que<br>el traspaso de competencias implicar\u00eda una gesti\u00f3n m\u00e1s eficiente y focalizada en la protecci\u00f3n,<br>conservaci\u00f3n, recaudaci\u00f3n y concesiones dentro de las \u00c1reas Silvestres, fortaleciendo as\u00ed el<br>compromiso del sector con la preservaci\u00f3n del patrimonio natural de Magallanes.<\/p>\n","protected":false},"excerpt":{"rendered":"<p>Los gremios del turismo en la regi\u00f3n celebraron la aprobaci\u00f3n un\u00e1nime por parte del Consejo Regional de Magallanes, que busca de la transferencia de competencias y atribuciones de las \u00c1reas&#8230; <a class=\"read-more\" href=\"https:\/\/www.radiopresidenteibanez.cl\/web\/se-aprueba-paso-decisivo-hacia-la-autonomia-en-la-administracion-de-las-areas-silvestres-protegidas-de-magallanes\/\">Leer m\u00e1s<\/a><\/p>\n","protected":false},"author":2,"featured_media":46738,"comment_status":"closed","ping_status":"closed","sticky":false,"template":"","format":"standard","meta":{"footnotes":""},"categories":[1],"tags":[],"class_list":["post-46737","post","type-post","status-publish","format-standard","has-post-thumbnail","hentry","category-cronica"],"_links":{"self":[{"href":"https:\/\/www.radiopresidenteibanez.cl\/web\/wp-json\/wp\/v2\/posts\/46737","targetHints":{"allow":["GET"]}}],"collection":[{"href":"https:\/\/www.radiopresidenteibanez.cl\/web\/wp-json\/wp\/v2\/posts"}],"about":[{"href":"https:\/\/www.radiopresidenteibanez.cl\/web\/wp-json\/wp\/v2\/types\/post"}],"author":[{"embeddable":true,"href":"https:\/\/www.radiopresidenteibanez.cl\/web\/wp-json\/wp\/v2\/users\/2"}],"replies":[{"embeddable":true,"href":"https:\/\/www.radiopresidenteibanez.cl\/web\/wp-json\/wp\/v2\/comments?post=46737"}],"version-history":[{"count":0,"href":"https:\/\/www.radiopresidenteibanez.cl\/web\/wp-json\/wp\/v2\/posts\/46737\/revisions"}],"wp:featuredmedia":[{"embeddable":true,"href":"https:\/\/www.radiopresidenteibanez.cl\/web\/wp-json\/wp\/v2\/media\/46738"}],"wp:attachment":[{"href":"https:\/\/www.radiopresidenteibanez.cl\/web\/wp-json\/wp\/v2\/media?parent=46737"}],"wp:term":[{"taxonomy":"category","embeddable":true,"href":"https:\/\/www.radiopresidenteibanez.cl\/web\/wp-json\/wp\/v2\/categories?post=46737"},{"taxonomy":"post_tag","embeddable":true,"href":"https:\/\/www.radiopresidenteibanez.cl\/web\/wp-json\/wp\/v2\/tags?post=46737"}],"curies":[{"name":"wp","href":"https:\/\/api.w.org\/{rel}","templated":true}]}}