{"id":46734,"date":"2024-03-01T10:36:00","date_gmt":"2024-03-01T13:36:00","guid":{"rendered":"https:\/\/www.radiopresidenteibanez.cl\/web\/?p=46734"},"modified":"2024-03-01T08:40:03","modified_gmt":"2024-03-01T11:40:03","slug":"avanza-mesa-de-apoyo-laboral-para-trabajadore-as-de-entrevientos","status":"publish","type":"post","link":"https:\/\/www.radiopresidenteibanez.cl\/web\/avanza-mesa-de-apoyo-laboral-para-trabajadore-as-de-entrevientos\/","title":{"rendered":"AVANZA MESA DE APOYO LABORAL PARA TRABAJADORE\/AS DE ENTREVIENTOS"},"content":{"rendered":"\n<p>Tal como fue el compromiso de la Secretaria Regional<br>Ministerial del Trabajo, Doris Sandoval Miranda, la mesa de apoyo laboral activo, instalada para<br>entregar ayuda concreta a las y los trabajadores de la pesquera Entrevientos, avanza de manera<br>r\u00e1pida en las ayudas solicitadas a trav\u00e9s de la directiva sindical de la empresa.<br>En esta oportunidad, se efectu\u00f3 el segundo encuentro con participaci\u00f3n de trabajadores, servicios<br>p\u00fablicos del Ministerio del Trabajo -Sence Magallanes, IPS y ChileValora- a quienes se sumaron en<br>esta oportunidad, Fosis Magallanes, la Superintendencia de Insolvencia y Reemprendimiento<br>(Superir), y el Instituto de Seguridad del Trabajo (IST).<br>Todos organismos coordinados por la autoridad laboral para entregar herramientas de<br>capacitaci\u00f3n, certificaci\u00f3n de competencia laborales, asesor\u00eda en acceso a claves \u00fanicas, beneficios<br>estatales, educaci\u00f3n financiera, recursos para emprender y apoyo emocional a las y los afectados.<br>\u201cEsta mesa surgi\u00f3 a partir de conversaciones sostenidas con el sindicato el lunes, inmediatamente<br>despu\u00e9s de ocurrido el lamentable incendio de la planta pesquera. Desde ah\u00ed en adelante, nos<br>coordinamos con Sence, IPS, ChileValora, la Omil y los invitamos a ser parte de esta mesa para<br>que, de manera conjunta, abordemos todas las necesidades m\u00e1s urgentes de las y los trabajadores<br>que hoy ya se encuentran con sus finiquitos, tras la atenci\u00f3n otorgada de manera especial a trav\u00e9s<br>de nuestra Direcci\u00f3n regional del Trabajo\u201d, explic\u00f3 la SEREMI.<br>As\u00ed, de manera r\u00e1pida y concreta, ya se han levantado los perfiles socio-laborales de m\u00e1s de un<br>centenar de trabajadores\/as, adem\u00e1s de recoger las solicitudes en torno al apoyo solicitado para<br>emprendimientos y reorganizaci\u00f3n de deudas, los cuales se est\u00e1n abordando a trav\u00e9s de Fosis y de<br>la Superir.<br>\u201cEn esta ocasi\u00f3n, adem\u00e1s de los servicios que ya nos acompa\u00f1aron en la instalaci\u00f3n de la mesa, se<br>sumaron profesionales del Fosis, interesados en darles herramientas para emprendimientos.<br>Asimismo, invitamos a la encargada regional de la Superir, Claudia T\u00e9llez, cuya labor es educar<br>financieramente y poder revisar caso a caso c\u00f3mo reorganizar los diferentes compromisos<br>econ\u00f3micos de las y los trabajadores. Por \u00faltimo, tambi\u00e9n nos acompa\u00f1\u00f3 la gerenta zonal del IST,<br>Pamela Mu\u00f1oz, para la entrega de apoyo emocional y en aspectos similares que requieran los<br>trabajadores y sus familias\u201d, a\u00f1adi\u00f3 Sandoval.<\/p>\n\n\n\n<p>La mesa continuar\u00e1 sus sesiones semanales, en conjunto con los dirigentes sindicales y los<br>servicios ya nombrados. Asimismo, se concretar\u00e1 un operativo cuya fecha y horario ser\u00e1n dados a<br>conocer en los pr\u00f3ximos d\u00edas para atender a los trabajadores que necesiten acceder a estos<br>servicios para concretar tr\u00e1mites de beneficios sociales, pensiones, cursos de capacitaci\u00f3n, etc.<\/p>\n","protected":false},"excerpt":{"rendered":"<p>Tal como fue el compromiso de la Secretaria RegionalMinisterial del Trabajo, Doris Sandoval Miranda, la mesa de apoyo laboral activo, instalada paraentregar ayuda concreta a las y los trabajadores de&#8230; <a class=\"read-more\" href=\"https:\/\/www.radiopresidenteibanez.cl\/web\/avanza-mesa-de-apoyo-laboral-para-trabajadore-as-de-entrevientos\/\">Leer m\u00e1s<\/a><\/p>\n","protected":false},"author":2,"featured_media":46735,"comment_status":"closed","ping_status":"closed","sticky":false,"template":"","format":"standard","meta":{"footnotes":""},"categories":[1],"tags":[],"class_list":["post-46734","post","type-post","status-publish","format-standard","has-post-thumbnail","hentry","category-cronica"],"_links":{"self":[{"href":"https:\/\/www.radiopresidenteibanez.cl\/web\/wp-json\/wp\/v2\/posts\/46734","targetHints":{"allow":["GET"]}}],"collection":[{"href":"https:\/\/www.radiopresidenteibanez.cl\/web\/wp-json\/wp\/v2\/posts"}],"about":[{"href":"https:\/\/www.radiopresidenteibanez.cl\/web\/wp-json\/wp\/v2\/types\/post"}],"author":[{"embeddable":true,"href":"https:\/\/www.radiopresidenteibanez.cl\/web\/wp-json\/wp\/v2\/users\/2"}],"replies":[{"embeddable":true,"href":"https:\/\/www.radiopresidenteibanez.cl\/web\/wp-json\/wp\/v2\/comments?post=46734"}],"version-history":[{"count":0,"href":"https:\/\/www.radiopresidenteibanez.cl\/web\/wp-json\/wp\/v2\/posts\/46734\/revisions"}],"wp:featuredmedia":[{"embeddable":true,"href":"https:\/\/www.radiopresidenteibanez.cl\/web\/wp-json\/wp\/v2\/media\/46735"}],"wp:attachment":[{"href":"https:\/\/www.radiopresidenteibanez.cl\/web\/wp-json\/wp\/v2\/media?parent=46734"}],"wp:term":[{"taxonomy":"category","embeddable":true,"href":"https:\/\/www.radiopresidenteibanez.cl\/web\/wp-json\/wp\/v2\/categories?post=46734"},{"taxonomy":"post_tag","embeddable":true,"href":"https:\/\/www.radiopresidenteibanez.cl\/web\/wp-json\/wp\/v2\/tags?post=46734"}],"curies":[{"name":"wp","href":"https:\/\/api.w.org\/{rel}","templated":true}]}}