{"id":46712,"date":"2024-02-29T12:56:00","date_gmt":"2024-02-29T15:56:00","guid":{"rendered":"https:\/\/www.radiopresidenteibanez.cl\/web\/?p=46712"},"modified":"2024-02-29T09:39:43","modified_gmt":"2024-02-29T12:39:43","slug":"afirmo-bien-la-esperanza-cuando-pienso-en-la-otra-estrella-nunca-es-tarde-me-dice-ella-la-paloma-volara-canta-pascuala-ilabaca","status":"publish","type":"post","link":"https:\/\/www.radiopresidenteibanez.cl\/web\/afirmo-bien-la-esperanza-cuando-pienso-en-la-otra-estrella-nunca-es-tarde-me-dice-ella-la-paloma-volara-canta-pascuala-ilabaca\/","title":{"rendered":"Afirmo bien la esperanza cuando pienso en la otra estrella nunca es tarde me dice ella la paloma volar\u00e1..\u00bb canta Pascuala Ilabaca"},"content":{"rendered":"\n<p>&nbsp;Nosotros, todos los que accionamos en el movimiento sindical, tenemos el deber de ir apoyando la formaci\u00f3n de los nuevos dirigentes. Y es que estos se encuentran con un mundo totalmente distinto cuando resuelven aceptar un cargo de representaci\u00f3n en la organizaci\u00f3n.<br>Lo primero que debemos dejar claro es que es una gran responsabilidad ser dirigente, no importa cu\u00e1l sea el cargo que se ocupe en la directiva.<br>Ya sea presidente o director de un sindicato, pasando por secretario o tesorero, todos tienen la gran tarea de representar a sus compa\u00f1eros de trabajo ante la empresa y, si corresponde, las autoridades del trabajo u otras, que busquen conversar o mantener contacto con la organizaci\u00f3n de los trabajadores.<br>Nada hay m\u00e1s pernicioso que creer que los cargos se adquieren seg\u00fan capacidades intelectuales sobresalientes o de otro tipo. Todos deben estar preparados para presidir o jugar el rol que corresponda dentro del sindicato.<\/p>\n\n\n\n<p>2.- La experiencia en el actuar dirigencial se va a ir adquiriendo con el tiempo, lo importante es que cada quien tenga claro que est\u00e1 cumpliendo una labor para la que lo eligieron sus compa\u00f1eros.<br>Se aprender\u00e1 a hacer actas como tambi\u00e9n a ordenar correctamente los ingresos y egresos de dinero.<br>Lo que se lleva en la sangre es la lealtad con los estatutos y principios de la organizaci\u00f3n, la certeza de que nada se acuerda con la contraparte, o sea el empleador, sin que primero lo sepan y aprueben los trabajadores.<br>La probidad y la honestidad con los socios de la organizaci\u00f3n es algo que no se aprende en escuelas sindicales. Est\u00e1 en el ADN de la clase trabajadora y mientras sigamos esta l\u00ednea, todo lo dem\u00e1s lo podemos aprender aunque nos cueste un poco.<\/p>\n","protected":false},"excerpt":{"rendered":"<p>&nbsp;Nosotros, todos los que accionamos en el movimiento sindical, tenemos el deber de ir apoyando la formaci\u00f3n de los nuevos dirigentes. Y es que estos se encuentran con un mundo&#8230; <a class=\"read-more\" href=\"https:\/\/www.radiopresidenteibanez.cl\/web\/afirmo-bien-la-esperanza-cuando-pienso-en-la-otra-estrella-nunca-es-tarde-me-dice-ella-la-paloma-volara-canta-pascuala-ilabaca\/\">Leer m\u00e1s<\/a><\/p>\n","protected":false},"author":2,"featured_media":46713,"comment_status":"closed","ping_status":"closed","sticky":false,"template":"","format":"standard","meta":{"footnotes":""},"categories":[1],"tags":[],"class_list":["post-46712","post","type-post","status-publish","format-standard","has-post-thumbnail","hentry","category-cronica"],"_links":{"self":[{"href":"https:\/\/www.radiopresidenteibanez.cl\/web\/wp-json\/wp\/v2\/posts\/46712","targetHints":{"allow":["GET"]}}],"collection":[{"href":"https:\/\/www.radiopresidenteibanez.cl\/web\/wp-json\/wp\/v2\/posts"}],"about":[{"href":"https:\/\/www.radiopresidenteibanez.cl\/web\/wp-json\/wp\/v2\/types\/post"}],"author":[{"embeddable":true,"href":"https:\/\/www.radiopresidenteibanez.cl\/web\/wp-json\/wp\/v2\/users\/2"}],"replies":[{"embeddable":true,"href":"https:\/\/www.radiopresidenteibanez.cl\/web\/wp-json\/wp\/v2\/comments?post=46712"}],"version-history":[{"count":0,"href":"https:\/\/www.radiopresidenteibanez.cl\/web\/wp-json\/wp\/v2\/posts\/46712\/revisions"}],"wp:featuredmedia":[{"embeddable":true,"href":"https:\/\/www.radiopresidenteibanez.cl\/web\/wp-json\/wp\/v2\/media\/46713"}],"wp:attachment":[{"href":"https:\/\/www.radiopresidenteibanez.cl\/web\/wp-json\/wp\/v2\/media?parent=46712"}],"wp:term":[{"taxonomy":"category","embeddable":true,"href":"https:\/\/www.radiopresidenteibanez.cl\/web\/wp-json\/wp\/v2\/categories?post=46712"},{"taxonomy":"post_tag","embeddable":true,"href":"https:\/\/www.radiopresidenteibanez.cl\/web\/wp-json\/wp\/v2\/tags?post=46712"}],"curies":[{"name":"wp","href":"https:\/\/api.w.org\/{rel}","templated":true}]}}