{"id":4670,"date":"2019-05-30T20:08:09","date_gmt":"2019-05-30T20:08:09","guid":{"rendered":"http:\/\/www.radiopresidenteibanez.cl\/web\/?p=4670"},"modified":"2019-05-30T20:08:40","modified_gmt":"2019-05-30T20:08:40","slug":"senador-carlos-bianchi-solicito-adecuar-condiciones-contractuales-del-personal-civil-de-fuerzas-armadas-y-de-instituciones-de-orden-y-seguridad","status":"publish","type":"post","link":"https:\/\/www.radiopresidenteibanez.cl\/web\/senador-carlos-bianchi-solicito-adecuar-condiciones-contractuales-del-personal-civil-de-fuerzas-armadas-y-de-instituciones-de-orden-y-seguridad\/","title":{"rendered":"SENADOR CARLOS BIANCHI SOLICIT\u00d3 ADECUAR CONDICIONES CONTRACTUALES DEL PERSONAL CIVIL DE FUERZAS ARMADAS Y DE INSTITUCIONES DE ORDEN Y SEGURIDAD"},"content":{"rendered":"\n<p>Luego de obtener informaci\u00f3n\ndirectamente de las y los funcionarios civiles que desempe\u00f1an labores al\ninterior de entidades uniformadas en la regi\u00f3n y resto del pa\u00eds, el senador de\nMagallanes, Carlos Bianchi, ofici\u00f3 a las autoridades correspondientes para que\nacojan la propuesta para efectuar las adecuaciones contractuales que resulten\nnecesarias para dar protecci\u00f3n laboral y de seguridad social a este importante\ngrupo de funcionarios.<\/p>\n\n\n\n<p>Al respecto Bianchi explic\u00f3 que existen\ntrabajadoras y trabajadores civiles que desempe\u00f1an funciones al interior de instituciones\nde FFAA y de Orden en la modalidad \u201cPersonal a Contrato\u201d o por \u201cContratos por\nResoluci\u00f3n\u201d los que han representado su permanente inestabilidad laboral dada\nlas condiciones particulares en que establecen su relaci\u00f3n laboral contractual\ncon dichas instituciones.<\/p>\n\n\n\n<p>En particular, dijo el parlamentario <em>\u201cme parece atendible verificar casos en que\ndichas personas, dada la figura contractual, nunca contar\u00e1n con antig\u00fcedad\nlaboral, lo que conlleva a una nula posibilidad de contar con alg\u00fan tipo de\nindemnizaci\u00f3n, por ejemplo, en situaciones fijadas en la legislaci\u00f3n laboral\ndel c\u00f3digo del trabajo.\u201d<\/em><\/p>\n\n\n\n<p>A lo anterior se suma la incertidumbre\nque a estos funcionarios les genera los periodos previos a las correspondientes\n\u201crenovaciones\u201d, las que de acuerdo a la informaci\u00f3n recabada es de absoluta discrecionalidad,\nsin que existan &nbsp;instancias de evaluaci\u00f3n\nque puedan sustentar una carrera funcionaria, quedando permanentemente expuestos\na ser desvinculados sin el m\u00ednimo resguardo indemnizatorio en los casos que pudiera\ncorresponder si estuvieran en una condiciones de \u201cc\u00f3digo del trabajo.\u201d<\/p>\n\n\n\n<p>Bianchi agreg\u00f3 que le pareci\u00f3 a lo menos\ndelicado que<em> \u201cen forma sistem\u00e1tica se les\nhace presente a estos trabajadores que existe siempre disponibilidad de ex\npersonal de las mismas instituciones que en la actualidad se encuentran en\nretiro por los cuales pueden ser remplazados\u2026 dicha situaci\u00f3n provoca incertidumbre,\npreocupaci\u00f3n y estr\u00e9s.\u201d<\/em><\/p>\n\n\n\n<p>En el documento remitido a las\nrespectivas autoridades se solicita tambi\u00e9n evaluar las modificaciones respecto\na las prestaciones y seguros de Salud de los empleados en comento. <em>\u201cAl estar sin resguardo de mutualidad en\ncasos de accidentes, a diferencia del personal uniformado de la instituci\u00f3n, los\nciviles deben cubrir con recursos propios los gastos m\u00e9dicos. Por ejemplo en\nuna situaci\u00f3n de accidente de trabajo o de trayecto al mismo ya que el personal\nuniformado si est\u00e1 resguardado por su mutualidad.\u201d<\/em><\/p>\n\n\n\n<p>El senador Bianchi, puntualiz\u00f3 que \u201cla\nfigura contractual mencionada, si bien est\u00b4\u00e1 r regulada en la legislaci\u00f3n que\nrige a las fuerzas armadas y de orden y seguridad, no es menos cierto que\nexiste espacio suficiente para revaluarlas y efectuar los cambios para\nmejorarlos, ello considerando la evoluci\u00f3n y extinci\u00f3n de este tipo de\nrelaciones contractuales, m\u00e1s aun si tenemos en nuestro pa\u00eds un gran debate\npara &nbsp;actualizar normativas laborales.\u201d<\/p>\n\n\n\n<p>El legislador solicit\u00f3 pronunciamiento sobre la materia a los Ministros del Interior y seguridad P\u00fablica, al de Defensa Nacional y al de Trabajo y Previsi\u00f3n Social.<\/p>\n\n\n\n<figure class=\"wp-block-image\"><img loading=\"lazy\" decoding=\"async\" width=\"900\" height=\"702\" src=\"https:\/\/www.radiopresidenteibanez.cl\/web\/wp-content\/uploads\/2019\/05\/CBCH-2019.jpg\" alt=\"\" class=\"wp-image-4671\" srcset=\"https:\/\/www.radiopresidenteibanez.cl\/web\/wp-content\/uploads\/2019\/05\/CBCH-2019.jpg 900w, https:\/\/www.radiopresidenteibanez.cl\/web\/wp-content\/uploads\/2019\/05\/CBCH-2019-300x234.jpg 300w, https:\/\/www.radiopresidenteibanez.cl\/web\/wp-content\/uploads\/2019\/05\/CBCH-2019-768x599.jpg 768w\" sizes=\"auto, (max-width: 900px) 100vw, 900px\" \/><\/figure>\n","protected":false},"excerpt":{"rendered":"<p>Luego de obtener informaci\u00f3n directamente de las y los funcionarios civiles que desempe\u00f1an labores al interior de entidades uniformadas en la regi\u00f3n y resto del pa\u00eds, el senador de Magallanes,&#8230; <a class=\"read-more\" href=\"https:\/\/www.radiopresidenteibanez.cl\/web\/senador-carlos-bianchi-solicito-adecuar-condiciones-contractuales-del-personal-civil-de-fuerzas-armadas-y-de-instituciones-de-orden-y-seguridad\/\">Leer m\u00e1s<\/a><\/p>\n","protected":false},"author":2,"featured_media":4671,"comment_status":"closed","ping_status":"closed","sticky":false,"template":"","format":"standard","meta":{"footnotes":""},"categories":[1],"tags":[],"class_list":["post-4670","post","type-post","status-publish","format-standard","has-post-thumbnail","hentry","category-cronica"],"_links":{"self":[{"href":"https:\/\/www.radiopresidenteibanez.cl\/web\/wp-json\/wp\/v2\/posts\/4670","targetHints":{"allow":["GET"]}}],"collection":[{"href":"https:\/\/www.radiopresidenteibanez.cl\/web\/wp-json\/wp\/v2\/posts"}],"about":[{"href":"https:\/\/www.radiopresidenteibanez.cl\/web\/wp-json\/wp\/v2\/types\/post"}],"author":[{"embeddable":true,"href":"https:\/\/www.radiopresidenteibanez.cl\/web\/wp-json\/wp\/v2\/users\/2"}],"replies":[{"embeddable":true,"href":"https:\/\/www.radiopresidenteibanez.cl\/web\/wp-json\/wp\/v2\/comments?post=4670"}],"version-history":[{"count":0,"href":"https:\/\/www.radiopresidenteibanez.cl\/web\/wp-json\/wp\/v2\/posts\/4670\/revisions"}],"wp:featuredmedia":[{"embeddable":true,"href":"https:\/\/www.radiopresidenteibanez.cl\/web\/wp-json\/wp\/v2\/media\/4671"}],"wp:attachment":[{"href":"https:\/\/www.radiopresidenteibanez.cl\/web\/wp-json\/wp\/v2\/media?parent=4670"}],"wp:term":[{"taxonomy":"category","embeddable":true,"href":"https:\/\/www.radiopresidenteibanez.cl\/web\/wp-json\/wp\/v2\/categories?post=4670"},{"taxonomy":"post_tag","embeddable":true,"href":"https:\/\/www.radiopresidenteibanez.cl\/web\/wp-json\/wp\/v2\/tags?post=4670"}],"curies":[{"name":"wp","href":"https:\/\/api.w.org\/{rel}","templated":true}]}}