{"id":46695,"date":"2024-02-28T17:06:00","date_gmt":"2024-02-28T20:06:00","guid":{"rendered":"https:\/\/www.radiopresidenteibanez.cl\/web\/?p=46695"},"modified":"2024-02-28T11:58:54","modified_gmt":"2024-02-28T14:58:54","slug":"en-la-comuna-de-natales-realizan-operativos-de-atencion-veterinaria-con-recursos-subdere","status":"publish","type":"post","link":"https:\/\/www.radiopresidenteibanez.cl\/web\/en-la-comuna-de-natales-realizan-operativos-de-atencion-veterinaria-con-recursos-subdere\/","title":{"rendered":"EN LA COMUNA DE NATALES REALIZAN OPERATIVOS DE ATENCION VETERINARIA CON RECURSOS SUBDERE"},"content":{"rendered":"\n<p>En el marco de los Fondos Concursables 2023 del Programa de<br>Tenencia Responsable de Animales de Compa\u00f1\u00eda (PTRAC) de la Subsecretar\u00eda de<br>Desarrollo Regional y Administrativo (Subdere), la ONG Sociedad Protectora Amigos Fieles<br>de Puerto Natales recibi\u00f3 $8 millones para llevar a cabo un programa de inmunizaci\u00f3n<br>canina y felina en la comuna que tiene como objetivo atender a 240 animales a trav\u00e9s de<br>un calendario de vacunaci\u00f3n (antirr\u00e1bica y triple felina u \u00f3ctuple).<br>El inicio del proyecto de atenci\u00f3n veterinaria se realiz\u00f3 durante la semana pasada en el<br>sector de Villa Dorotea de la comuna de Natales, donde se atendieron una veintena de<br>mascotas rescatadas por esta entidad y pertenecientes a adultos mayores del lugar. El<br>operativo consisti\u00f3 en vacunaci\u00f3n de desparasitaci\u00f3n e implantaci\u00f3n del chip.<br>La encargada de la Unidad Regional Subdere (URS) de Magallanes, Daniella Panicucci,<br>destac\u00f3 que estos fondos \u2018\u2019permiten entregar recursos a organizaciones que presentan<br>distintos tipos de proyectos para promover la tenencia responsable de animales de<br>compa\u00f1\u00eda, como las iniciativas de esterilizaci\u00f3n, implantaci\u00f3n de microchip y educaci\u00f3n<br>sobre sus cuidados\u201d.<br>\u201cComo Subsecretar\u00eda seguiremos entregando financiamiento a este tipo de iniciativas y<br>fortaleciendo con estos operativos a las comunas de nuestra regi\u00f3n, con este proyecto<br>van a ser beneficiados 240 animales en total, cuyos due\u00f1os mayoritariamente son adultos<br>mayores\u201d, a\u00f1adi\u00f3.<\/p>\n","protected":false},"excerpt":{"rendered":"<p>En el marco de los Fondos Concursables 2023 del Programa deTenencia Responsable de Animales de Compa\u00f1\u00eda (PTRAC) de la Subsecretar\u00eda deDesarrollo Regional y Administrativo (Subdere), la ONG Sociedad Protectora Amigos&#8230; <a class=\"read-more\" href=\"https:\/\/www.radiopresidenteibanez.cl\/web\/en-la-comuna-de-natales-realizan-operativos-de-atencion-veterinaria-con-recursos-subdere\/\">Leer m\u00e1s<\/a><\/p>\n","protected":false},"author":2,"featured_media":46696,"comment_status":"closed","ping_status":"closed","sticky":false,"template":"","format":"standard","meta":{"footnotes":""},"categories":[1],"tags":[],"class_list":["post-46695","post","type-post","status-publish","format-standard","has-post-thumbnail","hentry","category-cronica"],"_links":{"self":[{"href":"https:\/\/www.radiopresidenteibanez.cl\/web\/wp-json\/wp\/v2\/posts\/46695","targetHints":{"allow":["GET"]}}],"collection":[{"href":"https:\/\/www.radiopresidenteibanez.cl\/web\/wp-json\/wp\/v2\/posts"}],"about":[{"href":"https:\/\/www.radiopresidenteibanez.cl\/web\/wp-json\/wp\/v2\/types\/post"}],"author":[{"embeddable":true,"href":"https:\/\/www.radiopresidenteibanez.cl\/web\/wp-json\/wp\/v2\/users\/2"}],"replies":[{"embeddable":true,"href":"https:\/\/www.radiopresidenteibanez.cl\/web\/wp-json\/wp\/v2\/comments?post=46695"}],"version-history":[{"count":0,"href":"https:\/\/www.radiopresidenteibanez.cl\/web\/wp-json\/wp\/v2\/posts\/46695\/revisions"}],"wp:featuredmedia":[{"embeddable":true,"href":"https:\/\/www.radiopresidenteibanez.cl\/web\/wp-json\/wp\/v2\/media\/46696"}],"wp:attachment":[{"href":"https:\/\/www.radiopresidenteibanez.cl\/web\/wp-json\/wp\/v2\/media?parent=46695"}],"wp:term":[{"taxonomy":"category","embeddable":true,"href":"https:\/\/www.radiopresidenteibanez.cl\/web\/wp-json\/wp\/v2\/categories?post=46695"},{"taxonomy":"post_tag","embeddable":true,"href":"https:\/\/www.radiopresidenteibanez.cl\/web\/wp-json\/wp\/v2\/tags?post=46695"}],"curies":[{"name":"wp","href":"https:\/\/api.w.org\/{rel}","templated":true}]}}