{"id":46692,"date":"2024-02-28T15:32:00","date_gmt":"2024-02-28T18:32:00","guid":{"rendered":"https:\/\/www.radiopresidenteibanez.cl\/web\/?p=46692"},"modified":"2024-02-28T11:35:43","modified_gmt":"2024-02-28T14:35:43","slug":"inach-invita-a-la-comunidad-magallanica-al-ciclo-de-charlas-ciencia-y-chocolate","status":"publish","type":"post","link":"https:\/\/www.radiopresidenteibanez.cl\/web\/inach-invita-a-la-comunidad-magallanica-al-ciclo-de-charlas-ciencia-y-chocolate\/","title":{"rendered":"INACH INVITA A LA COMUNIDAD MAGALLANICA AL CICLO DE CHARLAS \u00abCIENCIA Y CHOCOLATE\u00bb"},"content":{"rendered":"\n<p>El Instituto Ant\u00e1rtico Chileno (INACH) invita a la comunidad magall\u00e1nica a participar del ciclo de charlas <strong>\u201cCiencia y Chocolate\u201d <\/strong>que comenzar\u00e1 este mi\u00e9rcoles 28 de febrero a la 18:30 horas en el edificio principal de la instituci\u00f3n polar ubicado en Plaza Mu\u00f1oz Gamero 1055.&nbsp;<\/p>\n\n\n\n<p>En esta primera sesi\u00f3n, la Dra. Lorena Rebolledo, ocean\u00f3grafa e investigadora del Departamento Cient\u00edfico del INACH, compartir\u00e1 su apasionante experiencia como jefa cient\u00edfica de la Expedici\u00f3n Cient\u00edfica Ant\u00e1rtica (ECA) Mar\u00edtima. Su presentaci\u00f3n, titulada \u00abViaje a la Ant\u00e1rtica: Bit\u00e1cora de la campa\u00f1a mar\u00edtima ECA 60\u00bb, promete teletransportar a los asistentes a trav\u00e9s de las heladas aguas y los descubrimientos cient\u00edficos m\u00e1s emocionantes del continente blanco.<\/p>\n\n\n\n<p>El ciclo de conferencias <strong>\u00abCiencia y Chocolate\u00bb<\/strong> ser\u00e1 un evento mensual abierto a la comunidad, con presentaciones tanto de investigadores del servicio como de otros centros de investigaci\u00f3n y universidades asociadas al Programa Nacional de Ciencia Ant\u00e1rtica. Esta iniciativa busca acercar la ciencia ant\u00e1rtica a la sociedad y fomentar el intercambio de conocimientos en un ambiente accesible y ameno, compartiendo una taza de chocolate caliente.<\/p>\n\n\n\n<p>El INACH es un organismo t\u00e9cnico del Ministerio de Relaciones Exteriores con plena autonom\u00eda en todo lo relacionado con asuntos ant\u00e1rticos de car\u00e1cter cient\u00edfico, tecnol\u00f3gico y de difusi\u00f3n. El INACH cumple con la Pol\u00edtica Ant\u00e1rtica Nacional incentivando el desarrollo de la investigaci\u00f3n de excelencia, participando efectivamente en el Sistema del Tratado Ant\u00e1rtico y foros relacionados, fortaleciendo a Magallanes como puerta de entrada al Continente Blanco y realizando acciones de divulgaci\u00f3n del conocimiento ant\u00e1rtico en la ciudadan\u00eda. El INACH organiza el Programa Nacional de Ciencia Ant\u00e1rtica (PROCIEN)<\/p>\n","protected":false},"excerpt":{"rendered":"<p>El Instituto Ant\u00e1rtico Chileno (INACH) invita a la comunidad magall\u00e1nica a participar del ciclo de charlas \u201cCiencia y Chocolate\u201d que comenzar\u00e1 este mi\u00e9rcoles 28 de febrero a la 18:30 horas&#8230; <a class=\"read-more\" href=\"https:\/\/www.radiopresidenteibanez.cl\/web\/inach-invita-a-la-comunidad-magallanica-al-ciclo-de-charlas-ciencia-y-chocolate\/\">Leer m\u00e1s<\/a><\/p>\n","protected":false},"author":2,"featured_media":46693,"comment_status":"closed","ping_status":"closed","sticky":false,"template":"","format":"standard","meta":{"footnotes":""},"categories":[1],"tags":[],"class_list":["post-46692","post","type-post","status-publish","format-standard","has-post-thumbnail","hentry","category-cronica"],"_links":{"self":[{"href":"https:\/\/www.radiopresidenteibanez.cl\/web\/wp-json\/wp\/v2\/posts\/46692","targetHints":{"allow":["GET"]}}],"collection":[{"href":"https:\/\/www.radiopresidenteibanez.cl\/web\/wp-json\/wp\/v2\/posts"}],"about":[{"href":"https:\/\/www.radiopresidenteibanez.cl\/web\/wp-json\/wp\/v2\/types\/post"}],"author":[{"embeddable":true,"href":"https:\/\/www.radiopresidenteibanez.cl\/web\/wp-json\/wp\/v2\/users\/2"}],"replies":[{"embeddable":true,"href":"https:\/\/www.radiopresidenteibanez.cl\/web\/wp-json\/wp\/v2\/comments?post=46692"}],"version-history":[{"count":0,"href":"https:\/\/www.radiopresidenteibanez.cl\/web\/wp-json\/wp\/v2\/posts\/46692\/revisions"}],"wp:featuredmedia":[{"embeddable":true,"href":"https:\/\/www.radiopresidenteibanez.cl\/web\/wp-json\/wp\/v2\/media\/46693"}],"wp:attachment":[{"href":"https:\/\/www.radiopresidenteibanez.cl\/web\/wp-json\/wp\/v2\/media?parent=46692"}],"wp:term":[{"taxonomy":"category","embeddable":true,"href":"https:\/\/www.radiopresidenteibanez.cl\/web\/wp-json\/wp\/v2\/categories?post=46692"},{"taxonomy":"post_tag","embeddable":true,"href":"https:\/\/www.radiopresidenteibanez.cl\/web\/wp-json\/wp\/v2\/tags?post=46692"}],"curies":[{"name":"wp","href":"https:\/\/api.w.org\/{rel}","templated":true}]}}