{"id":46683,"date":"2024-02-28T10:47:00","date_gmt":"2024-02-28T13:47:00","guid":{"rendered":"https:\/\/www.radiopresidenteibanez.cl\/web\/?p=46683"},"modified":"2024-02-28T09:31:57","modified_gmt":"2024-02-28T12:31:57","slug":"40-anos-del-puntarenazo-y-piero-en-punta-arenas","status":"publish","type":"post","link":"https:\/\/www.radiopresidenteibanez.cl\/web\/40-anos-del-puntarenazo-y-piero-en-punta-arenas\/","title":{"rendered":"40 A\u00d1OS DEL PUNTARENAZO\u00a0\u00a0y\u00a0 PIERO EN PUNTA ARENAS"},"content":{"rendered":"\n<p>Este jueves 29 de febrero a partir de las 19 hrs. el programa&nbsp;<em>\u201cEl \u00faltimo tren a casa\u201d<\/em>&nbsp;que produce el&nbsp;<em>Colectivo Aczi\u00f3n Kultural<\/em>&nbsp;y&nbsp;&nbsp;que conduce&nbsp;<em>Pedro Guichapany<\/em>&nbsp;en radio Presidente Ib\u00e1\u00f1ez presenta una edici\u00f3n dedicada a recordar dos hechos sucedidos en la historia de Punta Arenas, de Magallanes. Primero,&nbsp;<em>el Puntarenazo<\/em>&nbsp;a Pinochet ocurrido el 26 de febrero de 1984. Segundo, la actuaci\u00f3n casi clandestina del cantautor&nbsp;<em>Piero<\/em>&nbsp;en el Gimnasio de la Confederaci\u00f3n Deportiva de Magallanes el 02 de noviembre de 1984.<\/p>\n\n\n\n<p>El 26 de febrero de 1984 en la Plaza de Armas de Punta Arenas, Augusto Pinochet desfil\u00f3 en una actividad gubernamental frente a una multitud de ciudadanos que, resguardados por los s\u00e9quitos del dictador, se reun\u00edan y empujaban fuertemente. Cruzando la avenida principal de la plaza, est\u00e1 la Iglesia Catedral, lugar donde un centenar de personas gritaron por primera vez en un acto oficial de la dictadura militar, la palabra&nbsp;<em>\u201c\u00a1Asesino!\u201d<\/em>, ante la mirada confundida pero a\u00fan terca de Pinochet.<\/p>\n\n\n\n<p>Dos meses antes, el lunes 19 de diciembre de 1983, se inform\u00f3 p\u00fablicamente de la visita del dictador a la zona. Aprovechando la posibilidad de presentar peticiones se promovieron espacios de di\u00e1logo con los distintos sectores sociales, en los llamados \u201ccabildos ciudadanos\u201d, bajo el alero de parroquias cat\u00f3licas de la ciudad.<\/p>\n\n\n\n<p>Donde se prepar\u00f3 la manifestaci\u00f3n fue en un cabildo realizado el 19 de febrero de 1984.<\/p>\n\n\n\n<p>Regularmente, como relata el libro&nbsp;<em>\u201cEl Puntarenazo\u201d<\/em>&nbsp;de Erick Jerez Iturrieta, los cabildos eran encuentros realizados en recintos de la iglesia cat\u00f3lica, como la conocida parroquia F\u00e1tima. En estos lugares populares normalmente los gremios y las comunidades encontraron la necesidad de expresar el disentimiento frente al acontecer econ\u00f3mico y pol\u00edtico nacional, tomando la dura decisi\u00f3n de enfrentarse a la dictadura.<\/p>\n\n\n\n<p>Es tal el ambiente previo al&nbsp;<em>Puntarenazo<\/em>, que el d\u00eda anterior lanzan a la casa del Obispo un conejo muerto.&nbsp;<em>Francisco P\u00e9rez San Juan<\/em>, director de la radio presidente Ib\u00e1\u00f1ez de Punta Arenas \u2013 emisora opositora al r\u00e9gimen militar-, y en ese tiempo radiocontrolador en la misma emisora, fue testigo de c\u00f3mo al Obispo<em>&nbsp;Tom\u00e1s Gonz\u00e1lez<\/em>&nbsp;le lanzaron a la puerta de su casa un animal muerto.<\/p>\n\n\n\n<p>Explica Francisco P\u00e9rez que \u00e9l estaba entre sus cercanos,&nbsp;<em>\u201ctodos \u00e9ramos cercanos al Obispado\u201d,&nbsp;<\/em>dado que la radio en que trabajaba era parte del Obispado, como tambi\u00e9n sus relaciones de militancia en la Democracia Cristiana. Por esto, el cuerpo del conejo que fue lanzado lleg\u00f3 finalmente a su casa, donde discutieron largamente entre la gente qu\u00e9 hacer con \u00e9ste.<\/p>\n\n\n\n<p>Dentro de la reuni\u00f3n se concluy\u00f3:&nbsp;<em>\u201cMa\u00f1ana se lo vamos a devolver a Pinochet\u201d.<\/em><\/p>\n\n\n\n<p>En la Plaza principal de Punta Arenas se dio lugar al acto que convoc\u00f3 el dictador. La comitiva iba a estar parada en una tribuna blanca, con los m\u00e1stiles que levantaban las banderas inquietas por el viento. Las personas se asomaban frente a la plaza, cobijados por el edificio de la Municipalidad como tambi\u00e9n por la Catedral de la ciudad, figura arquitect\u00f3nica imponente. La gente esperaba la llegada de Pinochet.<\/p>\n\n\n\n<p>Eran las doce del d\u00eda, cuando un grupo de manifestantes fue arrastrado por militares de civil y de turno hacia la Catedral. \u201c<em>No tuvimos ninguna soluci\u00f3n m\u00e1s que meternos a la iglesia\u201d<\/em>, dice Francisco P\u00e9rez que ese d\u00eda entregaba panfletos cerca de la plaza.<\/p>\n\n\n\n<p><em>\u201cDe ah\u00ed salt\u00f3 el conejo\u201d<\/em>&nbsp;recuerda P\u00e9rez, quien vio c\u00f3mo lanzaron, desde la reja de la Catedral, al animal muerto hac\u00eda Pinochet. No saben si lleg\u00f3 al cuerpo del dictador, pero s\u00ed se not\u00f3 en medio de la calle por un momento. En todos los sectores de la plaza, ca\u00edan panfletos en contra de la dictadura, papeles que eran ignorados por los gritos de los manifestantes encerrados en la Catedral, y los que se un\u00edan a los gritos en la vereda.<\/p>\n\n\n\n<p>Francisco P\u00e9rez llam\u00f3 a su radio desde la Iglesia Catedral. La radio ten\u00eda dominio al interior de \u00e9sta, al transmitir las misas importantes en la regi\u00f3n, obteniendo conexi\u00f3n para transmitir.&nbsp;<em>\u201cEstoy dentro de la Catedral\u201d<\/em>, dec\u00eda Francisco P\u00e9rez por tel\u00e9fono. Desde la radio no pod\u00edan creerlo.<\/p>\n\n\n\n<p>En la entrada de la consola de la radio de la Iglesia, donde transmit\u00edan los Tedeums, pudo enviar audios de lo que ocurr\u00eda en ese momento. Los c\u00e1nticos de la gente, los gritos, murmullos. Francisco P\u00e9rez entrevist\u00f3 y relat\u00f3 lo que ocurr\u00eda en cada momento.&nbsp;<em>\u201cQue se vayan ellos\u201d<\/em>, se escuchaba en la trasmisi\u00f3n. Entre aplausos y gritos las personas hablaban sobre c\u00f3mo ocurri\u00f3 este hecho.<\/p>\n\n\n\n<p>Entre la gran reja negra que protege la Catedral y la puerta principal a la iglesia hay diez pasos. En ese espacio la gente subi\u00f3 como pod\u00eda para poder ver y gritar a Pinochet. En ese grupo de estudiantes, luchadores sociales y personas que iban de paso encerrados, estaba&nbsp;<em>Marco Y\u00e1\u00f1ez<\/em>&nbsp;quien era un estudiante del Liceo San Jos\u00e9, ubicado a pocas cuadras de la Catedral.<\/p>\n\n\n\n<p>Ese d\u00eda vivi\u00f3 en carne propia la represi\u00f3n y tambi\u00e9n la rebeld\u00eda de una ciudad.&nbsp;<em>\u201cEntre la gente si o si hab\u00eda conscriptos vestidos de civil, uno los pod\u00eda identificar por su corte de pelo, forma de hablar y tambi\u00e9n la actitud violenta\u201d<\/em>, dice Y\u00e1\u00f1ez mientras recuerda como tambi\u00e9n les pegaban a las personas entre el tumulto de gente que se encontraba gritando.<\/p>\n\n\n\n<p>Aunque estaban los militares infiltrados quienes golpeaban indiscriminadamente, la manifestaci\u00f3n obten\u00eda m\u00e1s energ\u00eda, seg\u00fan Marco Y\u00e1\u00f1ez,&nbsp;<em>\u201cla rabia acumulada en contra del dictador, manifestarse en contra y la Catedral en ese momento ofrec\u00eda cierta protecci\u00f3n y resguardo\u201d.<\/em><\/p>\n\n\n\n<p>Francisco P\u00e9rez recuerda que mantuvo guardado el audio de esa trasmisi\u00f3n, primero en cassette, ahora en digital.&nbsp;<em>\u201cNunca uno pens\u00f3 que esto iba a ser tan hist\u00f3rico, que te pregunten si tuviste miedo. \u00bfQu\u00e9 miedo \u00edbamos a tener?\u201d<\/em>, dice Francisco en su asiento junto a su mesa de control de audio.<\/p>\n\n\n\n<p>Alrededor de las cinco de la tarde de ese 26 de febrero, tras una negociaci\u00f3n entre carabineros y un grupo de manifestantes encerrados en la Catedral, la gente pudo salir sin represalias. No as\u00ed otras 16 personas que fueron detenidas en las afueras. Un d\u00eda hist\u00f3rico que comenz\u00f3 desde los cabildos en la parroquia de F\u00e1tima, escapando del cuerpo de inteligencia de la dictadura, y quienes no previeron una manifestaci\u00f3n de este tipo directamente contra Pinochet.<\/p>\n\n\n\n<p>Ni siquiera los avisos en los d\u00edas previos con el conejo muerto en la casa de uno de los l\u00edderes de la Iglesia Cat\u00f3lica en la regi\u00f3n, pudo apaciguar la fuerza con que la gente iba a gritar en contra del dictador aquel d\u00eda.<\/p>\n\n\n\n<p>El 6 de octubre de ese mismo a\u00f1o del&nbsp;<em>Puntarenazo<\/em>, explot\u00f3 una bomba en la parroquia F\u00e1tima, iglesia que fue construida por la misma gente que concurr\u00eda al lugar para rezar. El programa Telean\u00e1lisis report\u00f3 desde el sitio, donde producto de la bomba tambi\u00e9n fueron da\u00f1adas 18 casas aleda\u00f1as.<\/p>\n\n\n\n<p>El teniente de ej\u00e9rcito,&nbsp;<em>Patricio Contreras Mart\u00ednez<\/em>, muri\u00f3 al instalar el artefacto. Los restos del militar quedaron esparcidos a m\u00e1s de 100 metros a la redonda, quedando en el tendido el\u00e9ctrico gran parte de su cuerpo. Este hecho marc\u00f3 un a\u00f1o \u00e1lgido en la Regi\u00f3n de Magallanes, con consecuencias fat\u00eddicas, producto de la bomba.<\/p>\n\n\n\n<p>No hay registros agrupados de estos hist\u00f3ricos hechos ocurridos en 1984, desde las fuentes directas como de los uniformados implicados o testimonios de centros vecinales o vecinos del sector. Los trabajos de Telean\u00e1lisis, el libro de&nbsp;<em>El Puntarenazo<\/em>, o los art\u00edculos de la&nbsp;<a href=\"http:\/\/larepublicadeloslibros.wordpress.com\/\" target=\"_blank\" rel=\"noreferrer noopener\">larepublicadeloslibros.wordpress.com<\/a>, son muestra de una exigua recopilaci\u00f3n de nuestra historia reciente, un testimonio importante de una voz frente a las injusticias de la dictadura de Pinochet.<\/p>\n\n\n\n<p><em>(Art\u00edculo de la revista Doble espacio de la escuela de Periodismo de la Universidad de Chile).<\/em><\/p>\n\n\n\n<p><strong>Piero en Punta Arenas<\/strong><\/p>\n\n\n\n<p>El s\u00e1bado 02 de noviembre de 1984 radio Presidente Ib\u00e1\u00f1ez realiz\u00f3 una jornada art\u00edstica llamada&nbsp;<em>\u201cConcierto por la Paz\u201d<\/em>&nbsp;en el desaparecido Gimnasio de la Confederaci\u00f3n Deportiva de Magallanes. Participaron&nbsp;&nbsp;artistas regionales, desde Santiago lleg\u00f3 el grupo \u201cSol y Medianoche\u201d y \u201cel plato de fondo\u201d era la actuaci\u00f3n del cantautor argentino&nbsp;<em>Piero<\/em>, quien ten\u00eda prohibido su ingreso a Chile por la dictadura. Lo mismo sucedi\u00f3 con una lista muy grande de artistas.&nbsp;&nbsp;Pero la Comisi\u00f3n Organizadora se las arregl\u00f3 para traer a&nbsp;<em>Piero<\/em>&nbsp;desde&nbsp;<em>R\u00edo Gallegos<\/em>, en forma casi clandestina, subiendo al escenario m\u00e1s all\u00e1 de las 2 de la madrugada. El p\u00fablico esper\u00f3 con mucha paciencia. Quer\u00edan cantar, gritar, sacarse eso que ten\u00edan guardado dentro: rabia e impotencia.&nbsp;&nbsp;El artista argentino cant\u00f3 cl\u00e1sicos como&nbsp;<em>\u201cY todos los d\u00edas\u201d, \u201cJuan boliche\u201d, \u201cMi viejo\u201d, \u201cLlegando llegaste\u201d, \u201cSoy pan, soy paz, soy m\u00e1s\u201d, \u201cMiedo Ni\u00f1o\u201d, \u201cManso y tranquilo\u201d<\/em>&nbsp;y las que m\u00e1s esperaba el p\u00fablico&nbsp;<em>\u201cPara el Pueblo lo que es del Pueblo\u201d y \u201cQue se vayan ellos\u201d.<\/em>Todo sucedi\u00f3 hace 40 a\u00f1os exactamente.<\/p>\n","protected":false},"excerpt":{"rendered":"<p>Este jueves 29 de febrero a partir de las 19 hrs. el programa&nbsp;\u201cEl \u00faltimo tren a casa\u201d&nbsp;que produce el&nbsp;Colectivo Aczi\u00f3n Kultural&nbsp;y&nbsp;&nbsp;que conduce&nbsp;Pedro Guichapany&nbsp;en radio Presidente Ib\u00e1\u00f1ez presenta una edici\u00f3n dedicada&#8230; <a class=\"read-more\" href=\"https:\/\/www.radiopresidenteibanez.cl\/web\/40-anos-del-puntarenazo-y-piero-en-punta-arenas\/\">Leer m\u00e1s<\/a><\/p>\n","protected":false},"author":2,"featured_media":46684,"comment_status":"closed","ping_status":"closed","sticky":false,"template":"","format":"standard","meta":{"footnotes":""},"categories":[1],"tags":[],"class_list":["post-46683","post","type-post","status-publish","format-standard","has-post-thumbnail","hentry","category-cronica"],"_links":{"self":[{"href":"https:\/\/www.radiopresidenteibanez.cl\/web\/wp-json\/wp\/v2\/posts\/46683","targetHints":{"allow":["GET"]}}],"collection":[{"href":"https:\/\/www.radiopresidenteibanez.cl\/web\/wp-json\/wp\/v2\/posts"}],"about":[{"href":"https:\/\/www.radiopresidenteibanez.cl\/web\/wp-json\/wp\/v2\/types\/post"}],"author":[{"embeddable":true,"href":"https:\/\/www.radiopresidenteibanez.cl\/web\/wp-json\/wp\/v2\/users\/2"}],"replies":[{"embeddable":true,"href":"https:\/\/www.radiopresidenteibanez.cl\/web\/wp-json\/wp\/v2\/comments?post=46683"}],"version-history":[{"count":0,"href":"https:\/\/www.radiopresidenteibanez.cl\/web\/wp-json\/wp\/v2\/posts\/46683\/revisions"}],"wp:featuredmedia":[{"embeddable":true,"href":"https:\/\/www.radiopresidenteibanez.cl\/web\/wp-json\/wp\/v2\/media\/46684"}],"wp:attachment":[{"href":"https:\/\/www.radiopresidenteibanez.cl\/web\/wp-json\/wp\/v2\/media?parent=46683"}],"wp:term":[{"taxonomy":"category","embeddable":true,"href":"https:\/\/www.radiopresidenteibanez.cl\/web\/wp-json\/wp\/v2\/categories?post=46683"},{"taxonomy":"post_tag","embeddable":true,"href":"https:\/\/www.radiopresidenteibanez.cl\/web\/wp-json\/wp\/v2\/tags?post=46683"}],"curies":[{"name":"wp","href":"https:\/\/api.w.org\/{rel}","templated":true}]}}