{"id":4664,"date":"2019-05-30T19:32:31","date_gmt":"2019-05-30T19:32:31","guid":{"rendered":"http:\/\/www.radiopresidenteibanez.cl\/web\/?p=4664"},"modified":"2019-05-30T19:33:12","modified_gmt":"2019-05-30T19:33:12","slug":"fiscalia-capacito-a-profesionales-de-salud-y-educacion-en-la-nueva-ley-de-entrevista-investigativa-videograbada","status":"publish","type":"post","link":"https:\/\/www.radiopresidenteibanez.cl\/web\/fiscalia-capacito-a-profesionales-de-salud-y-educacion-en-la-nueva-ley-de-entrevista-investigativa-videograbada\/","title":{"rendered":"FISCAL\u00cdA CAPACIT\u00d3 A PROFESIONALES DE SALUD Y EDUCACI\u00d3N EN LA NUEVA LEY DE ENTREVISTA INVESTIGATIVA VIDEOGRABADA"},"content":{"rendered":"\n<table class=\"wp-block-table\"><tbody><tr><td>Profesionales\u00a0 de los equipos de salud mental; demencia y postrados de los 8 establecimientos de salud e integrantes de los equipos de convivencia escolar de los 29 establecimientos de educaci\u00f3n\u00a0 municipal\u00a0 de Punta Arenas, participaron de una did\u00e1ctica charla educativa realizada por el Fiscal Regional de Magallanes, Eugenio Campos Lucero , en la cual se abord\u00f3 la nueva Ley, 21.057, que regula las entrevistas grabadas en video y otras medidas de resguardo a menores de edad, v\u00edctimas de delitos sexuales, violentos y trata de personas, entre otros, como tambi\u00e9n la obligaci\u00f3n legal de denunciar hechos constitutivos de delitos\u00a0 que tienen los funcionarios p\u00fablicos.   \u00a0   <br><br>La masiva actividad es parte de un programa de capacitaci\u00f3n   organizado por la Fiscal\u00eda Regional y la Corporaci\u00f3n Municipal de Educaci\u00f3n y   Salud y atenci\u00f3n al Menor de Punta Arenas,\u00a0   vigente desde el a\u00f1o pasado, cuyo fin es la prevenci\u00f3n, coordinaci\u00f3n   interinstitucional y profundizaci\u00f3n de conocimientos en materia penal.    <\/td><\/tr><\/tbody><\/table>\n\n\n\n<figure class=\"wp-block-image\"><img loading=\"lazy\" decoding=\"async\" width=\"800\" height=\"349\" src=\"https:\/\/www.radiopresidenteibanez.cl\/web\/wp-content\/uploads\/2019\/05\/IMG_6387.jpg\" alt=\"\" class=\"wp-image-4665\" srcset=\"https:\/\/www.radiopresidenteibanez.cl\/web\/wp-content\/uploads\/2019\/05\/IMG_6387.jpg 800w, https:\/\/www.radiopresidenteibanez.cl\/web\/wp-content\/uploads\/2019\/05\/IMG_6387-300x131.jpg 300w, https:\/\/www.radiopresidenteibanez.cl\/web\/wp-content\/uploads\/2019\/05\/IMG_6387-768x335.jpg 768w\" sizes=\"auto, (max-width: 800px) 100vw, 800px\" \/><\/figure>\n","protected":false},"excerpt":{"rendered":"<p>Profesionales\u00a0 de los equipos de salud mental; demencia y postrados de los 8 establecimientos de salud e integrantes de los equipos de convivencia escolar de los 29 establecimientos de educaci\u00f3n\u00a0&#8230; <a class=\"read-more\" href=\"https:\/\/www.radiopresidenteibanez.cl\/web\/fiscalia-capacito-a-profesionales-de-salud-y-educacion-en-la-nueva-ley-de-entrevista-investigativa-videograbada\/\">Leer m\u00e1s<\/a><\/p>\n","protected":false},"author":2,"featured_media":4665,"comment_status":"closed","ping_status":"closed","sticky":false,"template":"","format":"standard","meta":{"footnotes":""},"categories":[1],"tags":[],"class_list":["post-4664","post","type-post","status-publish","format-standard","has-post-thumbnail","hentry","category-cronica"],"_links":{"self":[{"href":"https:\/\/www.radiopresidenteibanez.cl\/web\/wp-json\/wp\/v2\/posts\/4664","targetHints":{"allow":["GET"]}}],"collection":[{"href":"https:\/\/www.radiopresidenteibanez.cl\/web\/wp-json\/wp\/v2\/posts"}],"about":[{"href":"https:\/\/www.radiopresidenteibanez.cl\/web\/wp-json\/wp\/v2\/types\/post"}],"author":[{"embeddable":true,"href":"https:\/\/www.radiopresidenteibanez.cl\/web\/wp-json\/wp\/v2\/users\/2"}],"replies":[{"embeddable":true,"href":"https:\/\/www.radiopresidenteibanez.cl\/web\/wp-json\/wp\/v2\/comments?post=4664"}],"version-history":[{"count":0,"href":"https:\/\/www.radiopresidenteibanez.cl\/web\/wp-json\/wp\/v2\/posts\/4664\/revisions"}],"wp:featuredmedia":[{"embeddable":true,"href":"https:\/\/www.radiopresidenteibanez.cl\/web\/wp-json\/wp\/v2\/media\/4665"}],"wp:attachment":[{"href":"https:\/\/www.radiopresidenteibanez.cl\/web\/wp-json\/wp\/v2\/media?parent=4664"}],"wp:term":[{"taxonomy":"category","embeddable":true,"href":"https:\/\/www.radiopresidenteibanez.cl\/web\/wp-json\/wp\/v2\/categories?post=4664"},{"taxonomy":"post_tag","embeddable":true,"href":"https:\/\/www.radiopresidenteibanez.cl\/web\/wp-json\/wp\/v2\/tags?post=4664"}],"curies":[{"name":"wp","href":"https:\/\/api.w.org\/{rel}","templated":true}]}}